{"id":3932,"date":"2021-05-23T23:51:27","date_gmt":"2021-05-24T04:51:27","guid":{"rendered":"https:\/\/www.refleacciona.org\/mx\/?p=3932"},"modified":"2021-06-09T19:07:40","modified_gmt":"2021-06-10T00:07:40","slug":"seguridad-vial-infantil-culiacan","status":"publish","type":"post","link":"https:\/\/www.refleacciona.org\/mx\/2021\/05\/23\/seguridad-vial-infantil-culiacan\/","title":{"rendered":"Seguridad vial infantil &#8211; Culiac\u00e1n"},"content":{"rendered":"\t\t<div data-elementor-type=\"wp-post\" data-elementor-id=\"3932\" class=\"elementor elementor-3932\">\n\t\t\t\t\t\t<section class=\"has_eae_slider elementor-section elementor-top-section elementor-element elementor-element-443afdf3 elementor-section-stretched elementor-section-content-middle elementor-section-boxed elementor-section-height-default elementor-section-height-default\" data-id=\"443afdf3\" data-element_type=\"section\" data-settings=\"{&quot;stretch_section&quot;:&quot;section-stretched&quot;,&quot;background_background&quot;:&quot;classic&quot;}\">\n\t\t\t\t\t\t\t<div class=\"elementor-background-overlay\"><\/div>\n\t\t\t\t\t\t\t<div class=\"elementor-container elementor-column-gap-default\">\n\t\t\t\t\t<div class=\"has_eae_slider elementor-column elementor-col-100 elementor-top-column elementor-element elementor-element-68846603\" data-id=\"68846603\" data-element_type=\"column\">\n\t\t\t<div class=\"elementor-widget-wrap elementor-element-populated\">\n\t\t\t\t\t\t<div class=\"elementor-element elementor-element-1e06688c elementor-widget elementor-widget-heading\" data-id=\"1e06688c\" data-element_type=\"widget\" data-widget_type=\"heading.default\">\n\t\t\t\t<div class=\"elementor-widget-container\">\n\t\t\t<h1 class=\"elementor-heading-title elementor-size-default\">Seguridad vial infantil - Culiac\u00e1n<\/h1>\t\t<\/div>\n\t\t\t\t<\/div>\n\t\t\t\t\t<\/div>\n\t\t<\/div>\n\t\t\t\t\t<\/div>\n\t\t<\/section>\n\t\t\t\t<section class=\"has_eae_slider elementor-section elementor-top-section elementor-element elementor-element-26639632 elementor-section-full_width elementor-section-height-default elementor-section-height-default\" data-id=\"26639632\" data-element_type=\"section\">\n\t\t\t\t\t\t<div class=\"elementor-container elementor-column-gap-default\">\n\t\t\t\t\t<div class=\"has_eae_slider elementor-column elementor-col-50 elementor-top-column elementor-element elementor-element-2e15e23e\" data-id=\"2e15e23e\" data-element_type=\"column\">\n\t\t\t<div class=\"elementor-widget-wrap elementor-element-populated\">\n\t\t\t\t\t\t<div class=\"elementor-element elementor-element-9b5932c elementor-widget elementor-widget-testimonial\" data-id=\"9b5932c\" data-element_type=\"widget\" data-widget_type=\"testimonial.default\">\n\t\t\t\t<div class=\"elementor-widget-container\">\n\t\t\t\t\t<div class=\"elementor-testimonial-wrapper\">\n\t\t\t\t\t\t\t<div class=\"elementor-testimonial-content\">\"Cuando la ciudad sea m\u00e1s apta para los ni\u00f1os ser\u00e1 m\u00e1s apta para todos.\"  <\/div>\n\t\t\t\n\t\t\t\t\t\t<div class=\"elementor-testimonial-meta\">\n\t\t\t\t<div class=\"elementor-testimonial-meta-inner\">\n\t\t\t\t\t\n\t\t\t\t\t\t\t\t\t\t<div class=\"elementor-testimonial-details\">\n\t\t\t\t\t\t\t\t\t\t\t\t\t\t<div class=\"elementor-testimonial-name\">Francesco Tonucci<\/div>\n\t\t\t\t\t\t\t\t\t\t\t\t\t\t\t\t\t\t\t<\/div>\n\t\t\t\t\t\t\t\t\t<\/div>\n\t\t\t<\/div>\n\t\t\t\t\t<\/div>\n\t\t\t\t<\/div>\n\t\t\t\t<\/div>\n\t\t\t\t<div class=\"elementor-element elementor-element-f8aec95 elementor-widget elementor-widget-image\" data-id=\"f8aec95\" data-element_type=\"widget\" data-widget_type=\"image.default\">\n\t\t\t\t<div class=\"elementor-widget-container\">\n\t\t\t\t\t\t\t\t\t\t\t\t\t<img fetchpriority=\"high\" decoding=\"async\" width=\"814\" height=\"407\" src=\"https:\/\/www.refleacciona.org\/mx\/wp-content\/uploads\/2021\/05\/ia_200000002.jpg\" class=\"attachment-full size-full wp-image-3938\" alt=\"\" srcset=\"https:\/\/www.refleacciona.org\/mx\/wp-content\/uploads\/2021\/05\/ia_200000002.jpg 814w, https:\/\/www.refleacciona.org\/mx\/wp-content\/uploads\/2021\/05\/ia_200000002-300x150.jpg 300w, https:\/\/www.refleacciona.org\/mx\/wp-content\/uploads\/2021\/05\/ia_200000002-768x384.jpg 768w, https:\/\/www.refleacciona.org\/mx\/wp-content\/uploads\/2021\/05\/ia_200000002-600x300.jpg 600w\" sizes=\"(max-width: 814px) 100vw, 814px\" \/>\t\t\t\t\t\t\t\t\t\t\t\t\t<\/div>\n\t\t\t\t<\/div>\n\t\t\t\t<section class=\"has_eae_slider elementor-section elementor-inner-section elementor-element elementor-element-1f3878e4 elementor-section-full_width elementor-section-height-default elementor-section-height-default\" data-id=\"1f3878e4\" data-element_type=\"section\">\n\t\t\t\t\t\t<div class=\"elementor-container elementor-column-gap-default\">\n\t\t\t\t\t<div class=\"has_eae_slider elementor-column elementor-col-100 elementor-inner-column elementor-element elementor-element-fbd5c64\" data-id=\"fbd5c64\" data-element_type=\"column\">\n\t\t\t<div class=\"elementor-widget-wrap elementor-element-populated\">\n\t\t\t\t\t\t<div class=\"elementor-element elementor-element-52801b2 elementor-drop-cap-yes elementor-drop-cap-view-default elementor-widget elementor-widget-text-editor\" data-id=\"52801b2\" data-element_type=\"widget\" data-settings=\"{&quot;drop_cap&quot;:&quot;yes&quot;}\" data-widget_type=\"text-editor.default\">\n\t\t\t\t<div class=\"elementor-widget-container\">\n\t\t\t\t\t\t\t<p>Se trata del d<span class=\"x-el x-el-span c1-7r c1-7s c1-b c1-c c1-d c1-e c1-f c1-g\">ise\u00f1o vial seguro en entornos escolares en colaboraci\u00f3n con polic\u00eda de tr\u00e1nsito para aplicaci\u00f3n de la ley, promoviendo el liderazgo en seguridad vial por parte de autoridades y sociedad civil. <\/span><\/p><p><span class=\"x-el x-el-span c1-7r c1-7s c1-b c1-c c1-d c1-e c1-f c1-g\">El proyecto tuvo una duraci\u00f3n de 2 a\u00f1os, de 2018 &#8211; 2020.<\/span><\/p>\t\t\t\t\t\t<\/div>\n\t\t\t\t<\/div>\n\t\t\t\t<div class=\"elementor-element elementor-element-e692eff elementor-widget elementor-widget-video\" data-id=\"e692eff\" data-element_type=\"widget\" data-settings=\"{&quot;youtube_url&quot;:&quot;https:\\\/\\\/www.youtube.com\\\/watch?v=OKyyzAIxh58&quot;,&quot;video_type&quot;:&quot;youtube&quot;,&quot;controls&quot;:&quot;yes&quot;}\" data-widget_type=\"video.default\">\n\t\t\t\t<div class=\"elementor-widget-container\">\n\t\t\t\t\t<div class=\"elementor-wrapper elementor-open-inline\">\n\t\t\t<div class=\"elementor-video\"><\/div>\t\t<\/div>\n\t\t\t\t<\/div>\n\t\t\t\t<\/div>\n\t\t\t\t<div class=\"elementor-element elementor-element-4896149 elementor-widget elementor-widget-heading\" data-id=\"4896149\" data-element_type=\"widget\" data-widget_type=\"heading.default\">\n\t\t\t\t<div class=\"elementor-widget-container\">\n\t\t\t<h3 class=\"elementor-heading-title elementor-size-default\">\u00bfC\u00f3mo surge el proyecto?<\/h3>\t\t<\/div>\n\t\t\t\t<\/div>\n\t\t\t\t\t<\/div>\n\t\t<\/div>\n\t\t\t\t\t<\/div>\n\t\t<\/section>\n\t\t\t\t<section class=\"has_eae_slider elementor-section elementor-inner-section elementor-element elementor-element-081d133 elementor-section-full_width elementor-section-height-min-height elementor-section-content-top elementor-section-height-default\" data-id=\"081d133\" data-element_type=\"section\">\n\t\t\t\t\t\t<div class=\"elementor-container elementor-column-gap-custom\">\n\t\t\t\t\t<div class=\"has_eae_slider elementor-column elementor-col-33 elementor-inner-column elementor-element elementor-element-cfbc3d4\" data-id=\"cfbc3d4\" data-element_type=\"column\" data-settings=\"{&quot;background_background&quot;:&quot;classic&quot;}\">\n\t\t\t<div class=\"elementor-widget-wrap elementor-element-populated\">\n\t\t\t\t\t\t<div class=\"elementor-element elementor-element-d6d61a5 elementor-position-top elementor-widget elementor-widget-image-box\" data-id=\"d6d61a5\" data-element_type=\"widget\" data-widget_type=\"image-box.default\">\n\t\t\t\t<div class=\"elementor-widget-container\">\n\t\t\t<div class=\"elementor-image-box-wrapper\"><figure class=\"elementor-image-box-img\"><img decoding=\"async\" width=\"388\" height=\"140\" src=\"https:\/\/www.refleacciona.org\/mx\/wp-content\/uploads\/2021\/05\/ia_200000004.jpg\" class=\"attachment-full size-full wp-image-3940\" alt=\"\" srcset=\"https:\/\/www.refleacciona.org\/mx\/wp-content\/uploads\/2021\/05\/ia_200000004.jpg 388w, https:\/\/www.refleacciona.org\/mx\/wp-content\/uploads\/2021\/05\/ia_200000004-300x108.jpg 300w\" sizes=\"(max-width: 388px) 100vw, 388px\" \/><\/figure><div class=\"elementor-image-box-content\"><h4 class=\"elementor-image-box-title\"><center>Iniciativa internacional<\/center><\/h4><p class=\"elementor-image-box-description\"><center>07\/06\/2017<\/center><br>El Desaf\u00edo es un programa dise\u00f1ado para financiar proyectos que abordan problemas de seguridad vial infantil relevantes a nivel local con intervenciones pr\u00e1cticas, innovadoras y basadas en evidencia.<\/p><\/div><\/div>\t\t<\/div>\n\t\t\t\t<\/div>\n\t\t\t\t\t<\/div>\n\t\t<\/div>\n\t\t\t\t<div class=\"has_eae_slider elementor-column elementor-col-33 elementor-inner-column elementor-element elementor-element-d105d9c\" data-id=\"d105d9c\" data-element_type=\"column\" data-settings=\"{&quot;background_background&quot;:&quot;classic&quot;}\">\n\t\t\t<div class=\"elementor-widget-wrap elementor-element-populated\">\n\t\t\t\t\t\t<div class=\"elementor-element elementor-element-a8b0ed4 elementor-position-top elementor-widget elementor-widget-image-box\" data-id=\"a8b0ed4\" data-element_type=\"widget\" data-widget_type=\"image-box.default\">\n\t\t\t\t<div class=\"elementor-widget-container\">\n\t\t\t<div class=\"elementor-image-box-wrapper\"><figure class=\"elementor-image-box-img\"><img decoding=\"async\" width=\"343\" height=\"194\" src=\"https:\/\/www.refleacciona.org\/mx\/wp-content\/uploads\/2021\/05\/ia_200000005.jpg\" class=\"attachment-full size-full wp-image-3941\" alt=\"\" srcset=\"https:\/\/www.refleacciona.org\/mx\/wp-content\/uploads\/2021\/05\/ia_200000005.jpg 343w, https:\/\/www.refleacciona.org\/mx\/wp-content\/uploads\/2021\/05\/ia_200000005-300x170.jpg 300w\" sizes=\"(max-width: 343px) 100vw, 343px\" \/><\/figure><div class=\"elementor-image-box-content\"><h4 class=\"elementor-image-box-title\"><center>Culiac\u00e1n en cifras<\/center><\/h4><p class=\"elementor-image-box-description\"><center><\/center>Culiac\u00e1n es el municipio en M\u00e9xico con el mayor n\u00famero de muertes infantiles debido a siniestros viales, la mayor\u00eda son peatones.<\/p><\/div><\/div>\t\t<\/div>\n\t\t\t\t<\/div>\n\t\t\t\t\t<\/div>\n\t\t<\/div>\n\t\t\t\t<div class=\"has_eae_slider elementor-column elementor-col-33 elementor-inner-column elementor-element elementor-element-2220dee\" data-id=\"2220dee\" data-element_type=\"column\" data-settings=\"{&quot;background_background&quot;:&quot;classic&quot;}\">\n\t\t\t<div class=\"elementor-widget-wrap elementor-element-populated\">\n\t\t\t\t\t\t<div class=\"elementor-element elementor-element-1eba474 elementor-position-top elementor-widget elementor-widget-image-box\" data-id=\"1eba474\" data-element_type=\"widget\" data-widget_type=\"image-box.default\">\n\t\t\t\t<div class=\"elementor-widget-container\">\n\t\t\t<div class=\"elementor-image-box-wrapper\"><figure class=\"elementor-image-box-img\"><img loading=\"lazy\" decoding=\"async\" width=\"388\" height=\"193\" src=\"https:\/\/www.refleacciona.org\/mx\/wp-content\/uploads\/2021\/05\/ia_200000006.jpg\" class=\"attachment-full size-full wp-image-3942\" alt=\"\" srcset=\"https:\/\/www.refleacciona.org\/mx\/wp-content\/uploads\/2021\/05\/ia_200000006.jpg 388w, https:\/\/www.refleacciona.org\/mx\/wp-content\/uploads\/2021\/05\/ia_200000006-300x149.jpg 300w\" sizes=\"(max-width: 388px) 100vw, 388px\" \/><\/figure><div class=\"elementor-image-box-content\"><h4 class=\"elementor-image-box-title\"><center>Culiac\u00e1n seleccionada<\/center><\/h4><p class=\"elementor-image-box-description\"><center>01\/03\/2017<\/center><br>\n\n52 iniciativas presentadas en el mundo.\n\n12 proyectos seleccionados; Vietnam, India, T\u00fanez, Sud\u00e1frica, Rumania y 3 proyectos de M\u00e9xico y uno de ellos fue Culiac\u00e1n, Sinaloa.<\/p><\/div><\/div>\t\t<\/div>\n\t\t\t\t<\/div>\n\t\t\t\t\t<\/div>\n\t\t<\/div>\n\t\t\t\t\t<\/div>\n\t\t<\/section>\n\t\t\t\t<section class=\"has_eae_slider elementor-section elementor-inner-section elementor-element elementor-element-b17db19 elementor-section-full_width elementor-section-height-min-height elementor-section-content-top elementor-section-height-default\" data-id=\"b17db19\" data-element_type=\"section\">\n\t\t\t\t\t\t<div class=\"elementor-container elementor-column-gap-custom\">\n\t\t\t\t\t<div class=\"has_eae_slider elementor-column elementor-col-33 elementor-inner-column elementor-element elementor-element-3966fd5\" data-id=\"3966fd5\" data-element_type=\"column\" data-settings=\"{&quot;background_background&quot;:&quot;classic&quot;}\">\n\t\t\t<div class=\"elementor-widget-wrap elementor-element-populated\">\n\t\t\t\t\t\t<div class=\"elementor-element elementor-element-53c37d3 elementor-position-top elementor-widget elementor-widget-image-box\" data-id=\"53c37d3\" data-element_type=\"widget\" data-widget_type=\"image-box.default\">\n\t\t\t\t<div class=\"elementor-widget-container\">\n\t\t\t<div class=\"elementor-image-box-wrapper\"><figure class=\"elementor-image-box-img\"><img loading=\"lazy\" decoding=\"async\" width=\"388\" height=\"161\" src=\"https:\/\/www.refleacciona.org\/mx\/wp-content\/uploads\/2021\/05\/AS.jpg\" class=\"attachment-full size-full wp-image-3952\" alt=\"\" srcset=\"https:\/\/www.refleacciona.org\/mx\/wp-content\/uploads\/2021\/05\/AS.jpg 388w, https:\/\/www.refleacciona.org\/mx\/wp-content\/uploads\/2021\/05\/AS-300x124.jpg 300w\" sizes=\"(max-width: 388px) 100vw, 388px\" \/><\/figure><div class=\"elementor-image-box-content\"><h4 class=\"elementor-image-box-title\"><center>Un proyecto multisectorial<\/center><\/h4><p class=\"elementor-image-box-description\"><center><\/center>El proyecto deb\u00eda ser presentado en conjunto con Gobierno local, ONG\u00b4s e iniciativa privada para poder ser elegido. El consorcio para Culiac\u00e1n lo conforman: IMPLAN Culiac\u00e1n, Refleacciona, C\u00e9ntrico, D\u00edaz Salazar y Asociados y Autotraffic.<\/p><\/div><\/div>\t\t<\/div>\n\t\t\t\t<\/div>\n\t\t\t\t\t<\/div>\n\t\t<\/div>\n\t\t\t\t<div class=\"has_eae_slider elementor-column elementor-col-33 elementor-inner-column elementor-element elementor-element-7590cd8\" data-id=\"7590cd8\" data-element_type=\"column\" data-settings=\"{&quot;background_background&quot;:&quot;classic&quot;}\">\n\t\t\t<div class=\"elementor-widget-wrap elementor-element-populated\">\n\t\t\t\t\t\t<div class=\"elementor-element elementor-element-c276d22 elementor-position-top elementor-widget elementor-widget-image-box\" data-id=\"c276d22\" data-element_type=\"widget\" data-widget_type=\"image-box.default\">\n\t\t\t\t<div class=\"elementor-widget-container\">\n\t\t\t<div class=\"elementor-image-box-wrapper\"><figure class=\"elementor-image-box-img\"><img loading=\"lazy\" decoding=\"async\" width=\"260\" height=\"194\" src=\"https:\/\/www.refleacciona.org\/mx\/wp-content\/uploads\/2021\/05\/ia_200000008.jpg\" class=\"attachment-full size-full wp-image-3953\" alt=\"\" \/><\/figure><div class=\"elementor-image-box-content\"><h4 class=\"elementor-image-box-title\"><center>Primera presentaci\u00f3n<\/center><\/h4><p class=\"elementor-image-box-description\"><center>21\/03\/2017<\/center>IMPLAN Culiac\u00e1n, C\u00e9ntrico, Refleacciona y D\u00edaz Salazar y Asociados, presentaron el proyecto y sus caracter\u00edsticas durante el mes de marzo. <\/p><\/div><\/div>\t\t<\/div>\n\t\t\t\t<\/div>\n\t\t\t\t\t<\/div>\n\t\t<\/div>\n\t\t\t\t<div class=\"has_eae_slider elementor-column elementor-col-33 elementor-inner-column elementor-element elementor-element-07cdf86\" data-id=\"07cdf86\" data-element_type=\"column\" data-settings=\"{&quot;background_background&quot;:&quot;classic&quot;}\">\n\t\t\t<div class=\"elementor-widget-wrap elementor-element-populated\">\n\t\t\t\t\t\t<div class=\"elementor-element elementor-element-1fcf97e elementor-position-top elementor-widget elementor-widget-image-box\" data-id=\"1fcf97e\" data-element_type=\"widget\" data-widget_type=\"image-box.default\">\n\t\t\t\t<div class=\"elementor-widget-container\">\n\t\t\t<div class=\"elementor-image-box-wrapper\"><figure class=\"elementor-image-box-img\"><img loading=\"lazy\" decoding=\"async\" width=\"388\" height=\"194\" src=\"https:\/\/www.refleacciona.org\/mx\/wp-content\/uploads\/2021\/05\/ia_200000009.jpg\" class=\"attachment-full size-full wp-image-3954\" alt=\"\" srcset=\"https:\/\/www.refleacciona.org\/mx\/wp-content\/uploads\/2021\/05\/ia_200000009.jpg 388w, https:\/\/www.refleacciona.org\/mx\/wp-content\/uploads\/2021\/05\/ia_200000009-300x150.jpg 300w\" sizes=\"(max-width: 388px) 100vw, 388px\" \/><\/figure><div class=\"elementor-image-box-content\"><h4 class=\"elementor-image-box-title\"><center>Convenio de colaboraci\u00f3n<\/center><\/h4><p class=\"elementor-image-box-description\"><center>17\/01\/2019<\/center><br>\n\nRefleacciona con Responsabilidad firm\u00f3 un convenio de colaboraci\u00f3n con el Ayuntamiento para implementar el proyecto \"Punto a Punto\".<\/p><\/div><\/div>\t\t<\/div>\n\t\t\t\t<\/div>\n\t\t\t\t\t<\/div>\n\t\t<\/div>\n\t\t\t\t\t<\/div>\n\t\t<\/section>\n\t\t\t\t<section class=\"has_eae_slider elementor-section elementor-inner-section elementor-element elementor-element-9b4f85e elementor-section-full_width elementor-section-height-default elementor-section-height-default\" data-id=\"9b4f85e\" data-element_type=\"section\">\n\t\t\t\t\t\t<div class=\"elementor-container elementor-column-gap-default\">\n\t\t\t\t\t<div class=\"has_eae_slider elementor-column elementor-col-100 elementor-inner-column elementor-element elementor-element-25bde4a\" data-id=\"25bde4a\" data-element_type=\"column\">\n\t\t\t<div class=\"elementor-widget-wrap elementor-element-populated\">\n\t\t\t\t\t\t<div class=\"elementor-element elementor-element-d361274 elementor-widget elementor-widget-heading\" data-id=\"d361274\" data-element_type=\"widget\" data-widget_type=\"heading.default\">\n\t\t\t\t<div class=\"elementor-widget-container\">\n\t\t\t<h3 class=\"elementor-heading-title elementor-size-default\">Los ni\u00f1os primero en Culiac\u00e1n<\/h3>\t\t<\/div>\n\t\t\t\t<\/div>\n\t\t\t\t<div class=\"elementor-element elementor-element-41c1326 elementor-widget elementor-widget-alert\" data-id=\"41c1326\" data-element_type=\"widget\" data-widget_type=\"alert.default\">\n\t\t\t\t<div class=\"elementor-widget-container\">\n\t\t\t\t\t<div class=\"elementor-alert elementor-alert-danger\" role=\"alert\">\n\t\t\t<span class=\"elementor-alert-title\">Culiac\u00e1n es:<\/span>\n\t\t\t\t\t\t\t<span class=\"elementor-alert-description\">La 3er ciudad con mayor n\u00famero de muertes por accidentes de tr\u00e1nsito. <br>\n\n45% de las personas caminan a la escuela en un entorno inseguro. Los dise\u00f1os de calles de la ciudad promueven altas velocidades y la infraestructura peatonal es de baja calidad.<\/span>\n\t\t\t\t\t\t\t\t<\/div>\n\t\t\t\t<\/div>\n\t\t\t\t<\/div>\n\t\t\t\t<div class=\"elementor-element elementor-element-95a547e elementor-widget elementor-widget-video\" data-id=\"95a547e\" data-element_type=\"widget\" data-settings=\"{&quot;youtube_url&quot;:&quot;https:\\\/\\\/www.youtube.com\\\/watch?v=xSZAEIrj4Y4&quot;,&quot;video_type&quot;:&quot;youtube&quot;,&quot;controls&quot;:&quot;yes&quot;}\" data-widget_type=\"video.default\">\n\t\t\t\t<div class=\"elementor-widget-container\">\n\t\t\t\t\t<div class=\"elementor-wrapper elementor-open-inline\">\n\t\t\t<div class=\"elementor-video\"><\/div>\t\t<\/div>\n\t\t\t\t<\/div>\n\t\t\t\t<\/div>\n\t\t\t\t<div class=\"elementor-element elementor-element-fe7b645 elementor-widget elementor-widget-heading\" data-id=\"fe7b645\" data-element_type=\"widget\" data-widget_type=\"heading.default\">\n\t\t\t\t<div class=\"elementor-widget-container\">\n\t\t\t<h3 class=\"elementor-heading-title elementor-size-default\">Acerca del proyecto<\/h3>\t\t<\/div>\n\t\t\t\t<\/div>\n\t\t\t\t\t<\/div>\n\t\t<\/div>\n\t\t\t\t\t<\/div>\n\t\t<\/section>\n\t\t\t\t<section class=\"has_eae_slider elementor-section elementor-inner-section elementor-element elementor-element-8b78c09 elementor-section-full_width elementor-section-height-min-height elementor-section-content-top elementor-section-height-default\" data-id=\"8b78c09\" data-element_type=\"section\">\n\t\t\t\t\t\t<div class=\"elementor-container elementor-column-gap-custom\">\n\t\t\t\t\t<div class=\"has_eae_slider elementor-column elementor-col-33 elementor-inner-column elementor-element elementor-element-596131c\" data-id=\"596131c\" data-element_type=\"column\" data-settings=\"{&quot;background_background&quot;:&quot;classic&quot;}\">\n\t\t\t<div class=\"elementor-widget-wrap elementor-element-populated\">\n\t\t\t\t\t\t<div class=\"elementor-element elementor-element-468f86e elementor-position-top elementor-widget elementor-widget-image-box\" data-id=\"468f86e\" data-element_type=\"widget\" data-widget_type=\"image-box.default\">\n\t\t\t\t<div class=\"elementor-widget-container\">\n\t\t\t<div class=\"elementor-image-box-wrapper\"><figure class=\"elementor-image-box-img\"><img loading=\"lazy\" decoding=\"async\" width=\"612\" height=\"408\" src=\"https:\/\/www.refleacciona.org\/mx\/wp-content\/uploads\/2021\/05\/istockphoto-1035695568-612x612-1.jpg\" class=\"attachment-full size-full wp-image-3966\" alt=\"\" srcset=\"https:\/\/www.refleacciona.org\/mx\/wp-content\/uploads\/2021\/05\/istockphoto-1035695568-612x612-1.jpg 612w, https:\/\/www.refleacciona.org\/mx\/wp-content\/uploads\/2021\/05\/istockphoto-1035695568-612x612-1-300x200.jpg 300w, https:\/\/www.refleacciona.org\/mx\/wp-content\/uploads\/2021\/05\/istockphoto-1035695568-612x612-1-600x400.jpg 600w\" sizes=\"(max-width: 612px) 100vw, 612px\" \/><\/figure><div class=\"elementor-image-box-content\"><h4 class=\"elementor-image-box-title\"><center>Mejorar el dise\u00f1o de la infraestructura vial para contar con entornos escolares seguros.<\/center><\/h4><p class=\"elementor-image-box-description\"><center><\/center>Recolecci\u00f3n y an\u00e1lisis de datos. Urbanismo t\u00e1ctico en entornos escolares. Capacitaciones a medios de comunicaci\u00f3n.<\/p><\/div><\/div>\t\t<\/div>\n\t\t\t\t<\/div>\n\t\t\t\t\t<\/div>\n\t\t<\/div>\n\t\t\t\t<div class=\"has_eae_slider elementor-column elementor-col-33 elementor-inner-column elementor-element elementor-element-080284f\" data-id=\"080284f\" data-element_type=\"column\" data-settings=\"{&quot;background_background&quot;:&quot;classic&quot;}\">\n\t\t\t<div class=\"elementor-widget-wrap elementor-element-populated\">\n\t\t\t\t\t\t<div class=\"elementor-element elementor-element-4d11833 elementor-position-top elementor-widget elementor-widget-image-box\" data-id=\"4d11833\" data-element_type=\"widget\" data-widget_type=\"image-box.default\">\n\t\t\t\t<div class=\"elementor-widget-container\">\n\t\t\t<div class=\"elementor-image-box-wrapper\"><figure class=\"elementor-image-box-img\"><img loading=\"lazy\" decoding=\"async\" width=\"488\" height=\"428\" src=\"https:\/\/www.refleacciona.org\/mx\/wp-content\/uploads\/2021\/05\/screen_shot_2017-02-14_at_12.42.59_pm-e1621835134654.png\" class=\"attachment-full size-full wp-image-3962\" alt=\"\" srcset=\"https:\/\/www.refleacciona.org\/mx\/wp-content\/uploads\/2021\/05\/screen_shot_2017-02-14_at_12.42.59_pm-e1621835134654.png 488w, https:\/\/www.refleacciona.org\/mx\/wp-content\/uploads\/2021\/05\/screen_shot_2017-02-14_at_12.42.59_pm-e1621835134654-300x263.png 300w\" sizes=\"(max-width: 488px) 100vw, 488px\" \/><\/figure><div class=\"elementor-image-box-content\"><h4 class=\"elementor-image-box-title\"><center>Colaboraci\u00f3n con la polic\u00eda de tr\u00e1nsito de Culiac\u00e1n para aplicar medidas que salvan vidas de ni\u00f1os.<\/center><\/h4><p class=\"elementor-image-box-description\"><center><\/center>Fortalecimiento de capacidad de la polic\u00eda local. Campa\u00f1as educativas sobre seguridad vial.<\/p><\/div><\/div>\t\t<\/div>\n\t\t\t\t<\/div>\n\t\t\t\t\t<\/div>\n\t\t<\/div>\n\t\t\t\t<div class=\"has_eae_slider elementor-column elementor-col-33 elementor-inner-column elementor-element elementor-element-c548d12\" data-id=\"c548d12\" data-element_type=\"column\" data-settings=\"{&quot;background_background&quot;:&quot;classic&quot;}\">\n\t\t\t<div class=\"elementor-widget-wrap elementor-element-populated\">\n\t\t\t\t\t\t<div class=\"elementor-element elementor-element-17840e2 elementor-position-top elementor-widget elementor-widget-image-box\" data-id=\"17840e2\" data-element_type=\"widget\" data-widget_type=\"image-box.default\">\n\t\t\t\t<div class=\"elementor-widget-container\">\n\t\t\t<div class=\"elementor-image-box-wrapper\"><figure class=\"elementor-image-box-img\"><img loading=\"lazy\" decoding=\"async\" width=\"1240\" height=\"620\" src=\"https:\/\/www.refleacciona.org\/mx\/wp-content\/uploads\/2021\/05\/ia_200000003.jpg\" class=\"attachment-full size-full wp-image-3934\" alt=\"\" srcset=\"https:\/\/www.refleacciona.org\/mx\/wp-content\/uploads\/2021\/05\/ia_200000003.jpg 1240w, https:\/\/www.refleacciona.org\/mx\/wp-content\/uploads\/2021\/05\/ia_200000003-300x150.jpg 300w, https:\/\/www.refleacciona.org\/mx\/wp-content\/uploads\/2021\/05\/ia_200000003-1024x512.jpg 1024w, https:\/\/www.refleacciona.org\/mx\/wp-content\/uploads\/2021\/05\/ia_200000003-768x384.jpg 768w, https:\/\/www.refleacciona.org\/mx\/wp-content\/uploads\/2021\/05\/ia_200000003-600x300.jpg 600w\" sizes=\"(max-width: 1240px) 100vw, 1240px\" \/><\/figure><div class=\"elementor-image-box-content\"><h4 class=\"elementor-image-box-title\"><center>Promoci\u00f3n del liderazgo en seguridad vial por parte de autoridades y sociedad civil.<\/center><\/h4><p class=\"elementor-image-box-description\"><center><\/center>Fortalecimiento de la capacidad institucional en seguridad vial. Adopci\u00f3n de nuevos proyectos por parte de la sociedad civil en seguridad vial.<\/p><\/div><\/div>\t\t<\/div>\n\t\t\t\t<\/div>\n\t\t\t\t\t<\/div>\n\t\t<\/div>\n\t\t\t\t\t<\/div>\n\t\t<\/section>\n\t\t\t\t<div class=\"elementor-element elementor-element-9e1dcd2 elementor-widget elementor-widget-alert\" data-id=\"9e1dcd2\" data-element_type=\"widget\" data-widget_type=\"alert.default\">\n\t\t\t\t<div class=\"elementor-widget-container\">\n\t\t\t\t\t<div class=\"elementor-alert elementor-alert-info\" role=\"alert\">\n\t\t\t<span class=\"elementor-alert-title\">\u00bfCu\u00e1les fueron los entornos seleccionados para intervenir?<\/span>\n\t\t\t\t\t\t\t<span class=\"elementor-alert-description\">Escuela \u00c1ngel Flores, Escuela Fraternidad y Escuela S\u00f3crates.<\/span>\n\t\t\t\t\t\t\t\t<\/div>\n\t\t\t\t<\/div>\n\t\t\t\t<\/div>\n\t\t\t\t<div class=\"elementor-element elementor-element-ab31895 elementor-widget elementor-widget-alert\" data-id=\"ab31895\" data-element_type=\"widget\" data-widget_type=\"alert.default\">\n\t\t\t\t<div class=\"elementor-widget-container\">\n\t\t\t\t\t<div class=\"elementor-alert elementor-alert-info\" role=\"alert\">\n\t\t\t<span class=\"elementor-alert-title\">\u00bfC\u00f3mo se seleccionaron los entornos escolares a intervenir?<\/span>\n\t\t\t\t\t\t\t<span class=\"elementor-alert-description\">Puedes consultar la nota metodol\u00f3gica (Anexo 1)<\/span>\n\t\t\t\t\t\t\t\t<\/div>\n\t\t\t\t<\/div>\n\t\t\t\t<\/div>\n\t\t\t\t<div class=\"elementor-element elementor-element-e658e76 elementor-widget elementor-widget-alert\" data-id=\"e658e76\" data-element_type=\"widget\" data-widget_type=\"alert.default\">\n\t\t\t\t<div class=\"elementor-widget-container\">\n\t\t\t\t\t<div class=\"elementor-alert elementor-alert-info\" role=\"alert\">\n\t\t\t<span class=\"elementor-alert-title\">\u00bfCu\u00e1nto dinero se est\u00e1 invirtiendo?<\/span>\n\t\t\t\t\t\t\t<span class=\"elementor-alert-description\">Todo el proyecto tiene una inversi\u00f3n aproximada de 4.5 millones de pesos de los cuales se van a invertir de manera directa en infraestructura 1.1 millones en los 3 entornos escolares.<\/span>\n\t\t\t\t\t\t\t\t<\/div>\n\t\t\t\t<\/div>\n\t\t\t\t<\/div>\n\t\t\t\t<div class=\"elementor-element elementor-element-6297cd0 elementor-widget elementor-widget-heading\" data-id=\"6297cd0\" data-element_type=\"widget\" data-widget_type=\"heading.default\">\n\t\t\t\t<div class=\"elementor-widget-container\">\n\t\t\t<h3 class=\"elementor-heading-title elementor-size-default\">Hacer que los ni\u00f1os crucen seguros<\/h3>\t\t<\/div>\n\t\t\t\t<\/div>\n\t\t\t\t<div class=\"elementor-element elementor-element-6f58ea3 elementor-widget elementor-widget-text-editor\" data-id=\"6f58ea3\" data-element_type=\"widget\" data-widget_type=\"text-editor.default\">\n\t\t\t\t<div class=\"elementor-widget-container\">\n\t\t\t\t\t\t\t<p><span class=\"x-el x-el-span c1-7n c1-7o c1-b c1-60 c1-64 c1-66 c1-67 c1-68\">Cruzar sin la ayuda de la Unidad de Vialidad es muy complicado para los ni\u00f1os que acuden a la Escuela \u00c1ngel Flores.<\/span>.<\/p>\t\t\t\t\t\t<\/div>\n\t\t\t\t<\/div>\n\t\t\t\t<div class=\"elementor-element elementor-element-80af8c0 elementor-widget elementor-widget-video\" data-id=\"80af8c0\" data-element_type=\"widget\" data-settings=\"{&quot;youtube_url&quot;:&quot;https:\\\/\\\/www.youtube.com\\\/watch?v=iVmW2X93phg&quot;,&quot;video_type&quot;:&quot;youtube&quot;,&quot;controls&quot;:&quot;yes&quot;}\" data-widget_type=\"video.default\">\n\t\t\t\t<div class=\"elementor-widget-container\">\n\t\t\t\t\t<div class=\"elementor-wrapper elementor-open-inline\">\n\t\t\t<div class=\"elementor-video\"><\/div>\t\t<\/div>\n\t\t\t\t<\/div>\n\t\t\t\t<\/div>\n\t\t\t\t<div class=\"elementor-element elementor-element-e386aad elementor-widget elementor-widget-heading\" data-id=\"e386aad\" data-element_type=\"widget\" data-widget_type=\"heading.default\">\n\t\t\t\t<div class=\"elementor-widget-container\">\n\t\t\t<h3 class=\"elementor-heading-title elementor-size-default\">Riesgos detectados<\/h3>\t\t<\/div>\n\t\t\t\t<\/div>\n\t\t\t\t<section class=\"has_eae_slider elementor-section elementor-inner-section elementor-element elementor-element-d164cea elementor-section-full_width elementor-section-height-min-height elementor-section-content-top elementor-section-height-default\" data-id=\"d164cea\" data-element_type=\"section\">\n\t\t\t\t\t\t<div class=\"elementor-container elementor-column-gap-custom\">\n\t\t\t\t\t<div class=\"has_eae_slider elementor-column elementor-col-33 elementor-inner-column elementor-element elementor-element-e51c508\" data-id=\"e51c508\" data-element_type=\"column\" data-settings=\"{&quot;background_background&quot;:&quot;classic&quot;}\">\n\t\t\t<div class=\"elementor-widget-wrap elementor-element-populated\">\n\t\t\t\t\t\t<div class=\"elementor-element elementor-element-aa1a53a elementor-position-top elementor-widget elementor-widget-image-box\" data-id=\"aa1a53a\" data-element_type=\"widget\" data-widget_type=\"image-box.default\">\n\t\t\t\t<div class=\"elementor-widget-container\">\n\t\t\t<div class=\"elementor-image-box-wrapper\"><figure class=\"elementor-image-box-img\"><img loading=\"lazy\" decoding=\"async\" width=\"232\" height=\"232\" src=\"https:\/\/www.refleacciona.org\/mx\/wp-content\/uploads\/2021\/05\/01-1.png\" class=\"attachment-full size-full wp-image-3995\" alt=\"\" srcset=\"https:\/\/www.refleacciona.org\/mx\/wp-content\/uploads\/2021\/05\/01-1.png 232w, https:\/\/www.refleacciona.org\/mx\/wp-content\/uploads\/2021\/05\/01-1-150x150.png 150w, https:\/\/www.refleacciona.org\/mx\/wp-content\/uploads\/2021\/05\/01-1-200x200.png 200w, https:\/\/www.refleacciona.org\/mx\/wp-content\/uploads\/2021\/05\/01-1-100x100.png 100w\" sizes=\"(max-width: 232px) 100vw, 232px\" \/><\/figure><div class=\"elementor-image-box-content\"><h4 class=\"elementor-image-box-title\"><center>Exceso de velocidad<\/center><\/h4><p class=\"elementor-image-box-description\"><center><\/center>La velocidad permitida en zonas escolares es de 20 km\/h. Sin embargo se detectaron velocidades de hasta 74 km\/h.\n<br><br>\nSi un coche impactar\u00e1 a un ni\u00f1o a esa velocidad las probabilidades sobrevivir ser\u00edan menores del 5%.<\/p><\/div><\/div>\t\t<\/div>\n\t\t\t\t<\/div>\n\t\t\t\t\t<\/div>\n\t\t<\/div>\n\t\t\t\t<div class=\"has_eae_slider elementor-column elementor-col-33 elementor-inner-column elementor-element elementor-element-074d8a5\" data-id=\"074d8a5\" data-element_type=\"column\" data-settings=\"{&quot;background_background&quot;:&quot;classic&quot;}\">\n\t\t\t<div class=\"elementor-widget-wrap elementor-element-populated\">\n\t\t\t\t\t\t<div class=\"elementor-element elementor-element-89aa388 elementor-position-top elementor-widget elementor-widget-image-box\" data-id=\"89aa388\" data-element_type=\"widget\" data-widget_type=\"image-box.default\">\n\t\t\t\t<div class=\"elementor-widget-container\">\n\t\t\t<div class=\"elementor-image-box-wrapper\"><figure class=\"elementor-image-box-img\"><img loading=\"lazy\" decoding=\"async\" width=\"232\" height=\"232\" src=\"https:\/\/www.refleacciona.org\/mx\/wp-content\/uploads\/2021\/05\/03-1.png\" class=\"attachment-full size-full wp-image-3994\" alt=\"\" srcset=\"https:\/\/www.refleacciona.org\/mx\/wp-content\/uploads\/2021\/05\/03-1.png 232w, https:\/\/www.refleacciona.org\/mx\/wp-content\/uploads\/2021\/05\/03-1-150x150.png 150w, https:\/\/www.refleacciona.org\/mx\/wp-content\/uploads\/2021\/05\/03-1-200x200.png 200w, https:\/\/www.refleacciona.org\/mx\/wp-content\/uploads\/2021\/05\/03-1-100x100.png 100w\" sizes=\"(max-width: 232px) 100vw, 232px\" \/><\/figure><div class=\"elementor-image-box-content\"><h4 class=\"elementor-image-box-title\"><center>Alta exposici\u00f3n al peligro<\/center><\/h4><p class=\"elementor-image-box-description\"><center><\/center>La calle \u00c1lvaro Obreg\u00f3n incrementa su ancho justo frente a la escuela. Cada que los ni\u00f1os cruzan deben atravesar m\u00e1s de 10 m. lo que implica mucho tiempo de estar expuestos a los coches y su velocidad. <\/p><\/div><\/div>\t\t<\/div>\n\t\t\t\t<\/div>\n\t\t\t\t\t<\/div>\n\t\t<\/div>\n\t\t\t\t<div class=\"has_eae_slider elementor-column elementor-col-33 elementor-inner-column elementor-element elementor-element-4f652dd\" data-id=\"4f652dd\" data-element_type=\"column\" data-settings=\"{&quot;background_background&quot;:&quot;classic&quot;}\">\n\t\t\t<div class=\"elementor-widget-wrap elementor-element-populated\">\n\t\t\t\t\t\t<div class=\"elementor-element elementor-element-238f1ee elementor-position-top elementor-widget elementor-widget-image-box\" data-id=\"238f1ee\" data-element_type=\"widget\" data-widget_type=\"image-box.default\">\n\t\t\t\t<div class=\"elementor-widget-container\">\n\t\t\t<div class=\"elementor-image-box-wrapper\"><figure class=\"elementor-image-box-img\"><img loading=\"lazy\" decoding=\"async\" width=\"232\" height=\"232\" src=\"https:\/\/www.refleacciona.org\/mx\/wp-content\/uploads\/2021\/05\/02-1.png\" class=\"attachment-full size-full wp-image-3996\" alt=\"\" srcset=\"https:\/\/www.refleacciona.org\/mx\/wp-content\/uploads\/2021\/05\/02-1.png 232w, https:\/\/www.refleacciona.org\/mx\/wp-content\/uploads\/2021\/05\/02-1-150x150.png 150w, https:\/\/www.refleacciona.org\/mx\/wp-content\/uploads\/2021\/05\/02-1-200x200.png 200w, https:\/\/www.refleacciona.org\/mx\/wp-content\/uploads\/2021\/05\/02-1-100x100.png 100w\" sizes=\"(max-width: 232px) 100vw, 232px\" \/><\/figure><div class=\"elementor-image-box-content\"><h4 class=\"elementor-image-box-title\"><center>Conductas aleatorias de los carros<\/center><\/h4><p class=\"elementor-image-box-description\"><center><\/center>La falta de se\u00f1alizaci\u00f3n fomenta el desorden  y el dise\u00f1o del entorno escolar sin intervenir, permite movimientos bruscos, poco predecibles y con varios puntos ciegos a los autos, que en una situaci\u00f3n inesperada no permitir\u00e1n al conductor ver a los ni\u00f1os.<\/p><\/div><\/div>\t\t<\/div>\n\t\t\t\t<\/div>\n\t\t\t\t\t<\/div>\n\t\t<\/div>\n\t\t\t\t\t<\/div>\n\t\t<\/section>\n\t\t\t\t<div class=\"elementor-element elementor-element-9f3ab96 elementor-widget elementor-widget-heading\" data-id=\"9f3ab96\" data-element_type=\"widget\" data-widget_type=\"heading.default\">\n\t\t\t\t<div class=\"elementor-widget-container\">\n\t\t\t<h3 class=\"elementor-heading-title elementor-size-default\">Beneficios del redise\u00f1o vial<\/h3>\t\t<\/div>\n\t\t\t\t<\/div>\n\t\t\t\t<section class=\"has_eae_slider elementor-section elementor-inner-section elementor-element elementor-element-4b541bd elementor-section-full_width elementor-section-height-min-height elementor-section-content-top elementor-section-height-default\" data-id=\"4b541bd\" data-element_type=\"section\">\n\t\t\t\t\t\t<div class=\"elementor-container elementor-column-gap-custom\">\n\t\t\t\t\t<div class=\"has_eae_slider elementor-column elementor-col-100 elementor-inner-column elementor-element elementor-element-07bd62a\" data-id=\"07bd62a\" data-element_type=\"column\" data-settings=\"{&quot;background_background&quot;:&quot;classic&quot;}\">\n\t\t\t<div class=\"elementor-widget-wrap elementor-element-populated\">\n\t\t\t\t\t\t<div class=\"elementor-element elementor-element-e3260df elementor-widget elementor-widget-text-editor\" data-id=\"e3260df\" data-element_type=\"widget\" data-widget_type=\"text-editor.default\">\n\t\t\t\t<div class=\"elementor-widget-container\">\n\t\t\t\t\t\t\t<p><img loading=\"lazy\" decoding=\"async\" class=\"alignleft wp-image-4001 size-medium\" src=\"https:\/\/www.refleacciona.org\/mx\/wp-content\/uploads\/2021\/05\/ia_200000772-238x300.jpg\" alt=\"\" width=\"238\" height=\"300\" srcset=\"https:\/\/www.refleacciona.org\/mx\/wp-content\/uploads\/2021\/05\/ia_200000772-238x300.jpg 238w, https:\/\/www.refleacciona.org\/mx\/wp-content\/uploads\/2021\/05\/ia_200000772-812x1024.jpg 812w, https:\/\/www.refleacciona.org\/mx\/wp-content\/uploads\/2021\/05\/ia_200000772-768x969.jpg 768w, https:\/\/www.refleacciona.org\/mx\/wp-content\/uploads\/2021\/05\/ia_200000772-600x757.jpg 600w, https:\/\/www.refleacciona.org\/mx\/wp-content\/uploads\/2021\/05\/ia_200000772.jpg 1015w\" sizes=\"(max-width: 238px) 100vw, 238px\" \/><\/p><p><strong>Reducir la velocidad salva vidas<\/strong><\/p><p>Cada km\/h de velocidad reducida son segundos ganados para reaccionar y evitar un accidente.<\/p><p>\u00a0<\/p><p><strong>\u00bfC\u00f3mo se hizo?<\/strong><\/p><p><span class=\"aCOpRe\">\u2022<\/span> Con tres reductores de velocidad para los que circulan sobre \u00c1lvaro Obreg\u00f3n.<br \/><span class=\"aCOpRe\">\u2022<\/span> Conservando los mismos 3 carriles a lo largo de todo el entorno escolar. <br \/><span class=\"aCOpRe\">\u2022<\/span> Reduciendo los radios de giro de los carros que se incorporan a \u00c1lvaro Obreg\u00f3n.<\/p><p>\u00a0<\/p><p><strong>Menos tiempo de exposici\u00f3n<\/strong><\/p><p>\u00a0<\/p><p>Queremos que los ni\u00f1os caminen en infraestructura que los mantenga fuera de peligro.<\/p><p><strong>\u00bfC\u00f3mo se hizo?<\/strong><\/p><p>\u00a0<\/p><p><span class=\"aCOpRe\">\u2022<\/span> Se ampliaron todas las banquetas de cruce para que los ni\u00f1os tardaran menos en cruzar. <br \/><span class=\"aCOpRe\">\u2022<\/span> Cada 30 cm. que se acorta un cruce peatonal es un segundo menos que los ni\u00f1os pasan expuestos a los carros. <br \/><span class=\"aCOpRe\">\u2022<\/span> Se ampli\u00f3 la banqueta de la escuela para que ni\u00f1os y padres pudieran circular c\u00f3modamente.<br \/><span class=\"aCOpRe\">\u2022<\/span> La ampliaci\u00f3n de este espacio tambi\u00e9n permite reducir la aglomeraci\u00f3n de peatones.<br \/><span class=\"aCOpRe\">\u2022<\/span> Se incorporaron rampas de acceso universal que dan accesibilidad a todas las personas.<\/p><div id=\"5d3725de-5a56-4fc3-a6dc-b448921ea8e3\" class=\"x-el x-el-div x-el c1-1 c1-2 c1-13 c1-5c c1-4 c1-6k c1-92 c1-3r c1-6l c1-6m c1-b c1-c c1-6a c1-6b c1-d c1-e c1-f c1-g c1-1 c1-2 c1-b c1-c c1-d c1-e c1-f c1-g\" data-ux=\"ContentBasic\"><p class=\"x-el x-el-p c1-1 c1-2 c1-1v c1-1w c1-4x c1-17 c1-19 c1-6q c1-6r c1-6s c1-6t c1-6u c1-6v c1-6w c1-6x c1-6y c1-6z c1-70 c1-71 c1-72 c1-73 c1-74 c1-75 c1-76 c1-77 c1-78 c1-79 c1-7a c1-7b c1-7c c1-7d c1-7e c1-7f c1-7g c1-7h c1-2f c1-b c1-3y c1-c c1-61 c1-d c1-e c1-f c1-g x-rt\" data-ux=\"ContentText\" data-aid=\"CONTENT_DESCRIPTION4_RENDERED\" data-typography=\"BodyAlpha\">\u00a0<\/p><\/div>\t\t\t\t\t\t<\/div>\n\t\t\t\t<\/div>\n\t\t\t\t<div class=\"elementor-element elementor-element-f3b1866 elementor-widget elementor-widget-heading\" data-id=\"f3b1866\" data-element_type=\"widget\" data-widget_type=\"heading.default\">\n\t\t\t\t<div class=\"elementor-widget-container\">\n\t\t\t<h3 class=\"elementor-heading-title elementor-size-default\">Preguntas frecuentes Escuela \u00c1ngel Flores<\/h3>\t\t<\/div>\n\t\t\t\t<\/div>\n\t\t\t\t<div class=\"elementor-element elementor-element-3960f8c elementor-widget elementor-widget-alert\" data-id=\"3960f8c\" data-element_type=\"widget\" data-widget_type=\"alert.default\">\n\t\t\t\t<div class=\"elementor-widget-container\">\n\t\t\t\t\t<div class=\"elementor-alert elementor-alert-info\" role=\"alert\">\n\t\t\t<span class=\"elementor-alert-title\">\u00bfEs compatible el redise\u00f1o vial con un sistema de metrob\u00fas?<\/span>\n\t\t\t\t\t\t\t<span class=\"elementor-alert-description\">i, hasta en ambos sentidos y con un carril central para autos. Puedes consultar nuestro an\u00e1lisis de viabilidad en el Anexo 4, as\u00ed como una imagen de c\u00f3mo se ver\u00eda el proyecto con metrob\u00fas en ambos sentidos Anexo 3. <\/span>\n\t\t\t\t\t\t\t\t<\/div>\n\t\t\t\t<\/div>\n\t\t\t\t<\/div>\n\t\t\t\t<div class=\"elementor-element elementor-element-0afb50c elementor-widget elementor-widget-alert\" data-id=\"0afb50c\" data-element_type=\"widget\" data-widget_type=\"alert.default\">\n\t\t\t\t<div class=\"elementor-widget-container\">\n\t\t\t\t\t<div class=\"elementor-alert elementor-alert-info\" role=\"alert\">\n\t\t\t<span class=\"elementor-alert-title\">\u00bfPor qu\u00e9 hay tr\u00e1nsito lento?<\/span>\n\t\t\t\t\t\t\t<span class=\"elementor-alert-description\">La normalizaci\u00f3n del tr\u00e1nsito despu\u00e9s de una obra tarda 3 meses despu\u00e9s de concluida. A los usuarios les toma ese tiempo acostumbrarse a la nueva infraestructura. Adem\u00e1s de que durante las obras, para las maniobras, se ocupan un carril extra que una vez concluida ser\u00e1 para circulaci\u00f3n. Los 3 carriles de circulaci\u00f3n sobre \u00c1lvaro Obreg\u00f3n se conservan tambi\u00e9n frente a la escuela.<\/span>\n\t\t\t\t\t\t\t\t<\/div>\n\t\t\t\t<\/div>\n\t\t\t\t<\/div>\n\t\t\t\t<div class=\"elementor-element elementor-element-ccfaba6 elementor-widget elementor-widget-alert\" data-id=\"ccfaba6\" data-element_type=\"widget\" data-widget_type=\"alert.default\">\n\t\t\t\t<div class=\"elementor-widget-container\">\n\t\t\t\t\t<div class=\"elementor-alert elementor-alert-info\" role=\"alert\">\n\t\t\t<span class=\"elementor-alert-title\">\u00bfC\u00f3mo se socializ\u00f3 la obra?<\/span>\n\t\t\t\t\t\t\t<span class=\"elementor-alert-description\">Con representantes de gobierno, profesores, alumnos y padres de familia. Mediante ejercicios temporales con conos para poner a prueba el dise\u00f1o vial propuesto (urbanismo t\u00e1ctico). Los cuales fueron cubiertos por diversos medios de comunicaci\u00f3n. Adem\u00e1s de que se realizaron encuestas y entrevistas a ni\u00f1os, maestros y padres de familia para qu\u00e9 nos explicaran su percepci\u00f3n de la seguridad vial en la zona y poder integrar sus perspectivas al proyecto. \n<br><br>\nContinuamos nuestro esfuerzo por comunicar y generar espacios de encuentro para resolver dudas.<\/span>\n\t\t\t\t\t\t\t\t<\/div>\n\t\t\t\t<\/div>\n\t\t\t\t<\/div>\n\t\t\t\t\t<\/div>\n\t\t<\/div>\n\t\t\t\t\t<\/div>\n\t\t<\/section>\n\t\t\t\t\t<\/div>\n\t\t<\/div>\n\t\t\t\t<div class=\"has_eae_slider elementor-column elementor-col-50 elementor-top-column elementor-element elementor-element-6000e06f\" data-id=\"6000e06f\" data-element_type=\"column\">\n\t\t\t<div class=\"elementor-widget-wrap elementor-element-populated\">\n\t\t\t\t\t\t<div class=\"elementor-element elementor-element-300efe51 elementor-widget elementor-widget-spacer\" data-id=\"300efe51\" data-element_type=\"widget\" data-widget_type=\"spacer.default\">\n\t\t\t\t<div class=\"elementor-widget-container\">\n\t\t\t\t\t<div class=\"elementor-spacer\">\n\t\t\t<div class=\"elementor-spacer-inner\"><\/div>\n\t\t<\/div>\n\t\t\t\t<\/div>\n\t\t\t\t<\/div>\n\t\t\t\t<div class=\"elementor-element elementor-element-7968bc3a elementor-widget elementor-widget-wp-widget-search\" data-id=\"7968bc3a\" data-element_type=\"widget\" data-widget_type=\"wp-widget-search.default\">\n\t\t\t\t<div class=\"elementor-widget-container\">\n\t\t\t<h5>B\u00fasqueda<\/h5><form role=\"search\" method=\"get\" id=\"searchform\" class=\"searchform\" action=\"https:\/\/www.refleacciona.org\/mx\/\">\n\t\t\t\t<div>\n\t\t\t\t\t<label class=\"screen-reader-text\" for=\"s\">Buscar:<\/label>\n\t\t\t\t\t<input type=\"text\" value=\"\" name=\"s\" id=\"s\" \/>\n\t\t\t\t\t<input type=\"submit\" id=\"searchsubmit\" value=\"Buscar\" \/>\n\t\t\t\t<\/div>\n\t\t\t<\/form>\t\t<\/div>\n\t\t\t\t<\/div>\n\t\t\t\t<div class=\"elementor-element elementor-element-1b64ceb elementor-widget-divider--view-line elementor-widget elementor-widget-divider\" data-id=\"1b64ceb\" data-element_type=\"widget\" data-widget_type=\"divider.default\">\n\t\t\t\t<div class=\"elementor-widget-container\">\n\t\t\t\t\t<div class=\"elementor-divider\">\n\t\t\t<span class=\"elementor-divider-separator\">\n\t\t\t\t\t\t<\/span>\n\t\t<\/div>\n\t\t\t\t<\/div>\n\t\t\t\t<\/div>\n\t\t\t\t<div class=\"elementor-element elementor-element-3a3d26ae elementor-widget elementor-widget-heading\" data-id=\"3a3d26ae\" data-element_type=\"widget\" data-widget_type=\"heading.default\">\n\t\t\t\t<div class=\"elementor-widget-container\">\n\t\t\t<h3 class=\"elementor-heading-title elementor-size-default\">Otros proyectos<\/h3>\t\t<\/div>\n\t\t\t\t<\/div>\n\t\t\t\t<div class=\"elementor-element elementor-element-191916b elementor-grid-eael-col-1 elementor-grid-tablet-eael-col-2 elementor-grid-mobile-eael-col-1 elementor-widget elementor-widget-eael-post-grid\" data-id=\"191916b\" data-element_type=\"widget\" data-settings=\"{&quot;eael_post_grid_columns&quot;:&quot;eael-col-1&quot;,&quot;eael_post_grid_columns_tablet&quot;:&quot;eael-col-2&quot;,&quot;eael_post_grid_columns_mobile&quot;:&quot;eael-col-1&quot;}\" data-widget_type=\"eael-post-grid.default\">\n\t\t\t\t<div class=\"elementor-widget-container\">\n\t\t\t<div id=\"eael-post-grid-191916b\" class=\"eael-post-grid-container\">\n            <div class=\"eael-post-grid eael-post-appender eael-post-appender-191916b eael-post-grid-style-one\" data-layout-mode=\"grid\"><article class=\"eael-grid-post eael-post-grid-column\" data-id=\"4029\">\n        <div class=\"eael-grid-post-holder\">\n            <div class=\"eael-grid-post-holder-inner\"><div class=\"eael-entry-media\"><div class=\"eael-entry-overlay fade-in\"><i class=\"fas fa-long-arrow-alt-right\" aria-hidden=\"true\"><\/i><a href=\"https:\/\/www.refleacciona.org\/mx\/2021\/05\/25\/calles-mas-seguras\/\"><\/a><\/div><div class=\"eael-entry-thumbnail \">\n                <img loading=\"lazy\" decoding=\"async\" width=\"300\" height=\"200\" src=\"https:\/\/www.refleacciona.org\/mx\/wp-content\/uploads\/2021\/05\/row-of-traffic-cone-X55LKDT-300x200.jpg\" class=\"attachment-medium size-medium wp-image-4031\" alt=\"\" srcset=\"https:\/\/www.refleacciona.org\/mx\/wp-content\/uploads\/2021\/05\/row-of-traffic-cone-X55LKDT-300x200.jpg 300w, https:\/\/www.refleacciona.org\/mx\/wp-content\/uploads\/2021\/05\/row-of-traffic-cone-X55LKDT-1024x683.jpg 1024w, https:\/\/www.refleacciona.org\/mx\/wp-content\/uploads\/2021\/05\/row-of-traffic-cone-X55LKDT-768x512.jpg 768w, https:\/\/www.refleacciona.org\/mx\/wp-content\/uploads\/2021\/05\/row-of-traffic-cone-X55LKDT-1536x1024.jpg 1536w, https:\/\/www.refleacciona.org\/mx\/wp-content\/uploads\/2021\/05\/row-of-traffic-cone-X55LKDT-2048x1365.jpg 2048w, https:\/\/www.refleacciona.org\/mx\/wp-content\/uploads\/2021\/05\/row-of-traffic-cone-X55LKDT-600x400.jpg 600w\" sizes=\"(max-width: 300px) 100vw, 300px\" \/>\n            <\/div>\n        <\/div><div class=\"eael-entry-wrapper\"><header class=\"eael-entry-header\"><h2 class=\"eael-entry-title\"><a\n                        class=\"eael-grid-post-link\"\n                        href=\"https:\/\/www.refleacciona.org\/mx\/2021\/05\/25\/calles-mas-seguras\/\"\n                        title=\"Calles m\u00e1s seguras\">Calles m\u00e1s seguras<\/a><\/h2><\/header><div class=\"eael-entry-content\">\n                        <div class=\"eael-grid-post-excerpt\"><p>Queremos mejorar la seguridad vial para los j\u00f3venes de 10...<\/p><a href=\"https:\/\/www.refleacciona.org\/mx\/2021\/05\/25\/calles-mas-seguras\/\" class=\"eael-post-elements-readmore-btn\">Leer m\u00e1s<\/a><\/div>\n                    <\/div><div class=\"eael-entry-footer\"><div class=\"eael-entry-meta\"><\/div><\/div><\/div><\/div>\n        <\/div>\n    <\/article><article class=\"eael-grid-post eael-post-grid-column\" data-id=\"3457\">\n        <div class=\"eael-grid-post-holder\">\n            <div class=\"eael-grid-post-holder-inner\"><div class=\"eael-entry-media\"><div class=\"eael-entry-overlay fade-in\"><i class=\"fas fa-long-arrow-alt-right\" aria-hidden=\"true\"><\/i><a href=\"https:\/\/www.refleacciona.org\/mx\/2021\/05\/19\/parque-lincoln\/\"><\/a><\/div><div class=\"eael-entry-thumbnail \">\n                <img loading=\"lazy\" decoding=\"async\" width=\"298\" height=\"300\" src=\"https:\/\/www.refleacciona.org\/mx\/wp-content\/uploads\/2021\/05\/ia_1300000028-298x300.jpg\" class=\"attachment-medium size-medium wp-image-3462\" alt=\"\" srcset=\"https:\/\/www.refleacciona.org\/mx\/wp-content\/uploads\/2021\/05\/ia_1300000028-298x300.jpg 298w, https:\/\/www.refleacciona.org\/mx\/wp-content\/uploads\/2021\/05\/ia_1300000028-150x150.jpg 150w, https:\/\/www.refleacciona.org\/mx\/wp-content\/uploads\/2021\/05\/ia_1300000028-768x774.jpg 768w, https:\/\/www.refleacciona.org\/mx\/wp-content\/uploads\/2021\/05\/ia_1300000028-200x200.jpg 200w, https:\/\/www.refleacciona.org\/mx\/wp-content\/uploads\/2021\/05\/ia_1300000028-600x605.jpg 600w, https:\/\/www.refleacciona.org\/mx\/wp-content\/uploads\/2021\/05\/ia_1300000028-100x100.jpg 100w, https:\/\/www.refleacciona.org\/mx\/wp-content\/uploads\/2021\/05\/ia_1300000028.jpg 794w\" sizes=\"(max-width: 298px) 100vw, 298px\" \/>\n            <\/div>\n        <\/div><div class=\"eael-entry-wrapper\"><header class=\"eael-entry-header\"><h2 class=\"eael-entry-title\"><a\n                        class=\"eael-grid-post-link\"\n                        href=\"https:\/\/www.refleacciona.org\/mx\/2021\/05\/19\/parque-lincoln\/\"\n                        title=\"Parque Lincoln\">Parque Lincoln<\/a><\/h2><\/header><div class=\"eael-entry-content\">\n                        <div class=\"eael-grid-post-excerpt\"><p>Rescatamos 12 puestos en uno de los parques m\u00e1s emblem\u00e1ticos...<\/p><a href=\"https:\/\/www.refleacciona.org\/mx\/2021\/05\/19\/parque-lincoln\/\" class=\"eael-post-elements-readmore-btn\">Leer m\u00e1s<\/a><\/div>\n                    <\/div><div class=\"eael-entry-footer\"><div class=\"eael-entry-meta\"><\/div><\/div><\/div><\/div>\n        <\/div>\n    <\/article><article class=\"eael-grid-post eael-post-grid-column\" data-id=\"3479\">\n        <div class=\"eael-grid-post-holder\">\n            <div class=\"eael-grid-post-holder-inner\"><div class=\"eael-entry-media\"><div class=\"eael-entry-overlay fade-in\"><i class=\"fas fa-long-arrow-alt-right\" aria-hidden=\"true\"><\/i><a href=\"https:\/\/www.refleacciona.org\/mx\/2021\/05\/19\/callejon-condesa\/\"><\/a><\/div><div class=\"eael-entry-thumbnail \">\n                <img loading=\"lazy\" decoding=\"async\" width=\"300\" height=\"225\" src=\"https:\/\/www.refleacciona.org\/mx\/wp-content\/uploads\/2021\/05\/WhatsApp-Image-2020-06-02-at-11.53.41-0001-300x225.jpg\" class=\"attachment-medium size-medium wp-image-3482\" alt=\"\" srcset=\"https:\/\/www.refleacciona.org\/mx\/wp-content\/uploads\/2021\/05\/WhatsApp-Image-2020-06-02-at-11.53.41-0001-300x225.jpg 300w, https:\/\/www.refleacciona.org\/mx\/wp-content\/uploads\/2021\/05\/WhatsApp-Image-2020-06-02-at-11.53.41-0001-1024x768.jpg 1024w, https:\/\/www.refleacciona.org\/mx\/wp-content\/uploads\/2021\/05\/WhatsApp-Image-2020-06-02-at-11.53.41-0001-768x576.jpg 768w, https:\/\/www.refleacciona.org\/mx\/wp-content\/uploads\/2021\/05\/WhatsApp-Image-2020-06-02-at-11.53.41-0001-600x450.jpg 600w, https:\/\/www.refleacciona.org\/mx\/wp-content\/uploads\/2021\/05\/WhatsApp-Image-2020-06-02-at-11.53.41-0001.jpg 1280w\" sizes=\"(max-width: 300px) 100vw, 300px\" \/>\n            <\/div>\n        <\/div><div class=\"eael-entry-wrapper\"><header class=\"eael-entry-header\"><h2 class=\"eael-entry-title\"><a\n                        class=\"eael-grid-post-link\"\n                        href=\"https:\/\/www.refleacciona.org\/mx\/2021\/05\/19\/callejon-condesa\/\"\n                        title=\"Callej\u00f3n Condesa\">Callej\u00f3n Condesa<\/a><\/h2><\/header><div class=\"eael-entry-content\">\n                        <div class=\"eael-grid-post-excerpt\"><p>Callej\u00f3n Condesa En el Callej\u00f3n Condesa del Centro Hist\u00f3rico de...<\/p><a href=\"https:\/\/www.refleacciona.org\/mx\/2021\/05\/19\/callejon-condesa\/\" class=\"eael-post-elements-readmore-btn\">Leer m\u00e1s<\/a><\/div>\n                    <\/div><div class=\"eael-entry-footer\"><div class=\"eael-entry-meta\"><\/div><\/div><\/div><\/div>\n        <\/div>\n    <\/article><article class=\"eael-grid-post eael-post-grid-column\" data-id=\"3544\">\n        <div class=\"eael-grid-post-holder\">\n            <div class=\"eael-grid-post-holder-inner\"><div class=\"eael-entry-media\"><div class=\"eael-entry-overlay fade-in\"><i class=\"fas fa-long-arrow-alt-right\" aria-hidden=\"true\"><\/i><a href=\"https:\/\/www.refleacciona.org\/mx\/2021\/05\/19\/paseo-de-las-facultades\/\"><\/a><\/div><div class=\"eael-entry-thumbnail \">\n                <img loading=\"lazy\" decoding=\"async\" width=\"300\" height=\"182\" src=\"https:\/\/www.refleacciona.org\/mx\/wp-content\/uploads\/2021\/05\/ia_1300000014-300x182.jpg\" class=\"attachment-medium size-medium wp-image-3548\" alt=\"\" srcset=\"https:\/\/www.refleacciona.org\/mx\/wp-content\/uploads\/2021\/05\/ia_1300000014-300x182.jpg 300w, https:\/\/www.refleacciona.org\/mx\/wp-content\/uploads\/2021\/05\/ia_1300000014-600x363.jpg 600w, https:\/\/www.refleacciona.org\/mx\/wp-content\/uploads\/2021\/05\/ia_1300000014.jpg 768w\" sizes=\"(max-width: 300px) 100vw, 300px\" \/>\n            <\/div>\n        <\/div><div class=\"eael-entry-wrapper\"><header class=\"eael-entry-header\"><h2 class=\"eael-entry-title\"><a\n                        class=\"eael-grid-post-link\"\n                        href=\"https:\/\/www.refleacciona.org\/mx\/2021\/05\/19\/paseo-de-las-facultades\/\"\n                        title=\"Paseo de las Facultades\">Paseo de las Facultades<\/a><\/h2><\/header><div class=\"eael-entry-content\">\n                        <div class=\"eael-grid-post-excerpt\"><p>Conoce nuestra emblem\u00e1tica tranformaci\u00f3n del &quot;Paseo de la salmonella&quot; en...<\/p><a href=\"https:\/\/www.refleacciona.org\/mx\/2021\/05\/19\/paseo-de-las-facultades\/\" class=\"eael-post-elements-readmore-btn\">Leer m\u00e1s<\/a><\/div>\n                    <\/div><div class=\"eael-entry-footer\"><div class=\"eael-entry-meta\"><\/div><\/div><\/div><\/div>\n        <\/div>\n    <\/article><\/div>\n            <div class=\"clearfix\"><\/div>\n        <\/div>            <div class=\"eael-load-more-button-wrap\">\n                <button class=\"eael-load-more-button\" id=\"eael-load-more-btn-191916b\" data-widget-id=\"191916b\" data-widget=\"191916b\" data-page-id=\"3932\" data-template=\"{&quot;dir&quot;:&quot;lite&quot;,&quot;file_name&quot;:&quot;default.php&quot;,&quot;name&quot;:&quot;Post-Grid&quot;}\" data-class=\"Essential_Addons_Elementor\\Elements\\Post_Grid\" data-layout=\"grid\" data-page=\"1\" data-args=\"orderby=modified&amp;order=desc&amp;ignore_sticky_posts=1&amp;post_status=publish&amp;posts_per_page=4&amp;offset=0&amp;post_type=post\" data-max-page=\"2\">\n                    <span class=\"eael-btn-loader button__loader\"><\/span>\n                    <span class=\"eael_load_more_text\">Cargar m\u00e1s<\/span>\n                <\/button>\n            <\/div>\n            \t\t<\/div>\n\t\t\t\t<\/div>\n\t\t\t\t\t<\/div>\n\t\t<\/div>\n\t\t\t\t\t<\/div>\n\t\t<\/section>\n\t\t\t\t<section class=\"has_eae_slider elementor-section elementor-top-section elementor-element elementor-element-9603c12 elementor-section-stretched elementor-section-boxed elementor-section-height-default elementor-section-height-default\" data-id=\"9603c12\" data-element_type=\"section\" data-settings=\"{&quot;stretch_section&quot;:&quot;section-stretched&quot;,&quot;background_background&quot;:&quot;classic&quot;}\">\n\t\t\t\t\t\t<div class=\"elementor-container elementor-column-gap-default\">\n\t\t\t\t\t<div class=\"has_eae_slider elementor-column elementor-col-100 elementor-top-column elementor-element elementor-element-73270a9\" data-id=\"73270a9\" data-element_type=\"column\">\n\t\t\t<div class=\"elementor-widget-wrap elementor-element-populated\">\n\t\t\t\t\t\t<div class=\"elementor-element elementor-element-76aefa0 elementor-widget elementor-widget-heading\" data-id=\"76aefa0\" data-element_type=\"widget\" data-widget_type=\"heading.default\">\n\t\t\t\t<div class=\"elementor-widget-container\">\n\t\t\t<h3 class=\"elementor-heading-title elementor-size-default\">Documentos de inter\u00e9s<\/h3>\t\t<\/div>\n\t\t\t\t<\/div>\n\t\t\t\t\t<\/div>\n\t\t<\/div>\n\t\t\t\t\t<\/div>\n\t\t<\/section>\n\t\t\t\t<section class=\"has_eae_slider elementor-section elementor-top-section elementor-element elementor-element-7df6c07 elementor-section-stretched elementor-section-boxed elementor-section-height-default elementor-section-height-default\" data-id=\"7df6c07\" data-element_type=\"section\" data-settings=\"{&quot;stretch_section&quot;:&quot;section-stretched&quot;,&quot;background_background&quot;:&quot;classic&quot;}\">\n\t\t\t\t\t\t<div class=\"elementor-container elementor-column-gap-default\">\n\t\t\t\t\t<div class=\"has_eae_slider elementor-column elementor-col-33 elementor-top-column elementor-element elementor-element-256fc15\" data-id=\"256fc15\" data-element_type=\"column\">\n\t\t\t<div class=\"elementor-widget-wrap elementor-element-populated\">\n\t\t\t\t\t\t<div class=\"elementor-element elementor-element-352c8e8 elementor-view-default elementor-position-top elementor-mobile-position-top elementor-widget elementor-widget-icon-box\" data-id=\"352c8e8\" data-element_type=\"widget\" data-widget_type=\"icon-box.default\">\n\t\t\t\t<div class=\"elementor-widget-container\">\n\t\t\t\t\t<div class=\"elementor-icon-box-wrapper\">\n\t\t\t\t\t\t<div class=\"elementor-icon-box-icon\">\n\t\t\t\t<a href=\"http:\/\/refleacciona.org\/mx\/wp-content\/uploads\/anexos\/NOTAS%20METODOLOGIA%20ESCUELAS.pdf\" class=\"elementor-icon elementor-animation-\" tabindex=\"-1\">\n\t\t\t\t<i aria-hidden=\"true\" class=\"fas fa-file-pdf\"><\/i>\t\t\t\t<\/a>\n\t\t\t<\/div>\n\t\t\t\t\t\t<div class=\"elementor-icon-box-content\">\n\t\t\t\t<h3 class=\"elementor-icon-box-title\">\n\t\t\t\t\t<a href=\"http:\/\/refleacciona.org\/mx\/wp-content\/uploads\/anexos\/NOTAS%20METODOLOGIA%20ESCUELAS.pdf\" >\n\t\t\t\t\t\tAnexo 1\t\t\t\t\t<\/a>\n\t\t\t\t<\/h3>\n\t\t\t\t\t\t\t\t\t<p class=\"elementor-icon-box-description\">\n\t\t\t\t\t\tNota metodolog\u00eda escuelas<br>&nbsp;\t\t\t\t\t<\/p>\n\t\t\t\t\t\t\t<\/div>\n\t\t<\/div>\n\t\t\t\t<\/div>\n\t\t\t\t<\/div>\n\t\t\t\t\t<\/div>\n\t\t<\/div>\n\t\t\t\t<div data-wts-url=\"https:\/\/www.refleacciona.org\/mx\/wp-content\/uploads\/2021\/05\/ia_200000772.jpg\" data-wts-link=\"yes\" data-wts-new-window=\"\" class=\"has_eae_slider elementor-column elementor-col-33 elementor-top-column elementor-element elementor-element-7070b9a ae-link-yes\" data-id=\"7070b9a\" data-element_type=\"column\">\n\t\t\t<div class=\"elementor-widget-wrap elementor-element-populated\">\n\t\t\t\t\t\t<div class=\"elementor-element elementor-element-c841cd8 elementor-view-default elementor-position-top elementor-mobile-position-top elementor-widget elementor-widget-icon-box\" data-id=\"c841cd8\" data-element_type=\"widget\" data-widget_type=\"icon-box.default\">\n\t\t\t\t<div class=\"elementor-widget-container\">\n\t\t\t\t\t<div class=\"elementor-icon-box-wrapper\">\n\t\t\t\t\t\t<div class=\"elementor-icon-box-icon\">\n\t\t\t\t<a href=\"http:\/\/refleacciona.org\/mx\/wp-content\/uploads\/anexos\/Proyecto%20Angel%20Flores-Analisis%20implementacion%20.pdf\" class=\"elementor-icon elementor-animation-\" tabindex=\"-1\">\n\t\t\t\t<i aria-hidden=\"true\" class=\"fas fa-image\"><\/i>\t\t\t\t<\/a>\n\t\t\t<\/div>\n\t\t\t\t\t\t<div class=\"elementor-icon-box-content\">\n\t\t\t\t<h3 class=\"elementor-icon-box-title\">\n\t\t\t\t\t<a href=\"http:\/\/refleacciona.org\/mx\/wp-content\/uploads\/anexos\/Proyecto%20Angel%20Flores-Analisis%20implementacion%20.pdf\" >\n\t\t\t\t\t\tAnexo 2\t\t\t\t\t<\/a>\n\t\t\t\t<\/h3>\n\t\t\t\t\t\t\t\t\t<p class=\"elementor-icon-box-description\">\n\t\t\t\t\t\tProyecto presentado de \u00c1ngel Flores<br>&nbsp;\t\t\t\t\t<\/p>\n\t\t\t\t\t\t\t<\/div>\n\t\t<\/div>\n\t\t\t\t<\/div>\n\t\t\t\t<\/div>\n\t\t\t\t\t<\/div>\n\t\t<\/div>\n\t\t\t\t<div data-wts-url=\"https:\/\/www.refleacciona.org\/mx\/wp-content\/uploads\/2021\/05\/PHOTO-2019-03-10-19-11-3824c8.jpg\" data-wts-link=\"yes\" data-wts-new-window=\"\" class=\"has_eae_slider elementor-column elementor-col-33 elementor-top-column elementor-element elementor-element-6bd361b ae-link-yes\" data-id=\"6bd361b\" data-element_type=\"column\">\n\t\t\t<div class=\"elementor-widget-wrap elementor-element-populated\">\n\t\t\t\t\t\t<div class=\"elementor-element elementor-element-570e37d elementor-view-default elementor-position-top elementor-mobile-position-top elementor-widget elementor-widget-icon-box\" data-id=\"570e37d\" data-element_type=\"widget\" data-widget_type=\"icon-box.default\">\n\t\t\t\t<div class=\"elementor-widget-container\">\n\t\t\t\t\t<div class=\"elementor-icon-box-wrapper\">\n\t\t\t\t\t\t<div class=\"elementor-icon-box-icon\">\n\t\t\t\t<span  class=\"elementor-icon elementor-animation-\">\n\t\t\t\t<i aria-hidden=\"true\" class=\"fas fa-image\"><\/i>\t\t\t\t<\/span>\n\t\t\t<\/div>\n\t\t\t\t\t\t<div class=\"elementor-icon-box-content\">\n\t\t\t\t<h3 class=\"elementor-icon-box-title\">\n\t\t\t\t\t<span  >\n\t\t\t\t\t\tAnexo 3\t\t\t\t\t<\/span>\n\t\t\t\t<\/h3>\n\t\t\t\t\t\t\t\t\t<p class=\"elementor-icon-box-description\">\n\t\t\t\t\t\tFotomontaje con sistema de transporte colectivo\t\t\t\t\t<\/p>\n\t\t\t\t\t\t\t<\/div>\n\t\t<\/div>\n\t\t\t\t<\/div>\n\t\t\t\t<\/div>\n\t\t\t\t\t<\/div>\n\t\t<\/div>\n\t\t\t\t\t<\/div>\n\t\t<\/section>\n\t\t\t\t<section class=\"has_eae_slider elementor-section elementor-top-section elementor-element elementor-element-a6de420 elementor-section-stretched elementor-section-boxed elementor-section-height-default elementor-section-height-default\" data-id=\"a6de420\" data-element_type=\"section\" data-settings=\"{&quot;stretch_section&quot;:&quot;section-stretched&quot;,&quot;background_background&quot;:&quot;classic&quot;}\">\n\t\t\t\t\t\t<div class=\"elementor-container elementor-column-gap-default\">\n\t\t\t\t\t<div class=\"has_eae_slider elementor-column elementor-col-33 elementor-top-column elementor-element elementor-element-5f363d0\" data-id=\"5f363d0\" data-element_type=\"column\">\n\t\t\t<div class=\"elementor-widget-wrap elementor-element-populated\">\n\t\t\t\t\t\t<div class=\"elementor-element elementor-element-ae4a21d elementor-view-default elementor-position-top elementor-mobile-position-top elementor-widget elementor-widget-icon-box\" data-id=\"ae4a21d\" data-element_type=\"widget\" data-widget_type=\"icon-box.default\">\n\t\t\t\t<div class=\"elementor-widget-container\">\n\t\t\t\t\t<div class=\"elementor-icon-box-wrapper\">\n\t\t\t\t\t\t<div class=\"elementor-icon-box-icon\">\n\t\t\t\t<a href=\"http:\/\/refleacciona.org\/mx\/wp-content\/uploads\/anexos\/NOTAS%20METODOLOGIA%20ESCUELAS.pdf\" class=\"elementor-icon elementor-animation-\" tabindex=\"-1\">\n\t\t\t\t<i aria-hidden=\"true\" class=\"fas fa-file-pdf\"><\/i>\t\t\t\t<\/a>\n\t\t\t<\/div>\n\t\t\t\t\t\t<div class=\"elementor-icon-box-content\">\n\t\t\t\t<h3 class=\"elementor-icon-box-title\">\n\t\t\t\t\t<a href=\"http:\/\/refleacciona.org\/mx\/wp-content\/uploads\/anexos\/NOTAS%20METODOLOGIA%20ESCUELAS.pdf\" >\n\t\t\t\t\t\tAnexo 4\t\t\t\t\t<\/a>\n\t\t\t\t<\/h3>\n\t\t\t\t\t\t\t\t\t<p class=\"elementor-icon-box-description\">\n\t\t\t\t\t\tNota metodolog\u00eda escuelas<br>&nbsp;\t\t\t\t\t<\/p>\n\t\t\t\t\t\t\t<\/div>\n\t\t<\/div>\n\t\t\t\t<\/div>\n\t\t\t\t<\/div>\n\t\t\t\t\t<\/div>\n\t\t<\/div>\n\t\t\t\t<div data-wts-url=\"https:\/\/www.refleacciona.org\/mx\/wp-content\/uploads\/2021\/05\/PHOTO-2019-03-10-19-13-4924c8.jpg\" data-wts-link=\"yes\" data-wts-new-window=\"\" class=\"has_eae_slider elementor-column elementor-col-33 elementor-top-column elementor-element elementor-element-e52d36b ae-link-yes\" data-id=\"e52d36b\" data-element_type=\"column\">\n\t\t\t<div class=\"elementor-widget-wrap elementor-element-populated\">\n\t\t\t\t\t\t<div class=\"elementor-element elementor-element-87d440e elementor-view-default elementor-position-top elementor-mobile-position-top elementor-widget elementor-widget-icon-box\" data-id=\"87d440e\" data-element_type=\"widget\" data-widget_type=\"icon-box.default\">\n\t\t\t\t<div class=\"elementor-widget-container\">\n\t\t\t\t\t<div class=\"elementor-icon-box-wrapper\">\n\t\t\t\t\t\t<div class=\"elementor-icon-box-icon\">\n\t\t\t\t<span  class=\"elementor-icon elementor-animation-\">\n\t\t\t\t<i aria-hidden=\"true\" class=\"fas fa-image\"><\/i>\t\t\t\t<\/span>\n\t\t\t<\/div>\n\t\t\t\t\t\t<div class=\"elementor-icon-box-content\">\n\t\t\t\t<h3 class=\"elementor-icon-box-title\">\n\t\t\t\t\t<span  >\n\t\t\t\t\t\tAnexo 5\t\t\t\t\t<\/span>\n\t\t\t\t<\/h3>\n\t\t\t\t\t\t\t\t\t<p class=\"elementor-icon-box-description\">\n\t\t\t\t\t\tConservacion de carriles de \u00c1lvaro Obreg\u00f3n frente a la escuela \u00c1ngel Flores\t\t\t\t\t<\/p>\n\t\t\t\t\t\t\t<\/div>\n\t\t<\/div>\n\t\t\t\t<\/div>\n\t\t\t\t<\/div>\n\t\t\t\t\t<\/div>\n\t\t<\/div>\n\t\t\t\t<div class=\"has_eae_slider elementor-column elementor-col-33 elementor-top-column elementor-element elementor-element-5612ba3\" data-id=\"5612ba3\" data-element_type=\"column\">\n\t\t\t<div class=\"elementor-widget-wrap elementor-element-populated\">\n\t\t\t\t\t\t<div class=\"elementor-element elementor-element-3fdedfc elementor-view-default elementor-position-top elementor-mobile-position-top elementor-widget elementor-widget-icon-box\" data-id=\"3fdedfc\" data-element_type=\"widget\" data-widget_type=\"icon-box.default\">\n\t\t\t\t<div class=\"elementor-widget-container\">\n\t\t\t\t\t<div class=\"elementor-icon-box-wrapper\">\n\t\t\t\t\t\t<div class=\"elementor-icon-box-icon\">\n\t\t\t\t<a href=\"http:\/\/refleacciona.org\/mx\/wp-content\/uploads\/anexos\/Comunicado%20Martes%2012-%202019.pdf\" class=\"elementor-icon elementor-animation-\" tabindex=\"-1\">\n\t\t\t\t<i aria-hidden=\"true\" class=\"fas fa-file-pdf\"><\/i>\t\t\t\t<\/a>\n\t\t\t<\/div>\n\t\t\t\t\t\t<div class=\"elementor-icon-box-content\">\n\t\t\t\t<h3 class=\"elementor-icon-box-title\">\n\t\t\t\t\t<a href=\"http:\/\/refleacciona.org\/mx\/wp-content\/uploads\/anexos\/Comunicado%20Martes%2012-%202019.pdf\" >\n\t\t\t\t\t\tAnexo 6\t\t\t\t\t<\/a>\n\t\t\t\t<\/h3>\n\t\t\t\t\t\t\t\t\t<p class=\"elementor-icon-box-description\">\n\t\t\t\t\t\tComunicado Martes 12- 2019<br>&nbsp;\t\t\t\t\t<\/p>\n\t\t\t\t\t\t\t<\/div>\n\t\t<\/div>\n\t\t\t\t<\/div>\n\t\t\t\t<\/div>\n\t\t\t\t\t<\/div>\n\t\t<\/div>\n\t\t\t\t\t<\/div>\n\t\t<\/section>\n\t\t\t\t<section class=\"has_eae_slider elementor-section elementor-top-section elementor-element elementor-element-ce397af elementor-section-stretched elementor-section-boxed elementor-section-height-default elementor-section-height-default\" data-id=\"ce397af\" data-element_type=\"section\" data-settings=\"{&quot;stretch_section&quot;:&quot;section-stretched&quot;}\">\n\t\t\t\t\t\t<div class=\"elementor-container elementor-column-gap-default\">\n\t\t\t\t\t<div class=\"has_eae_slider elementor-column elementor-col-100 elementor-top-column elementor-element elementor-element-cafa198\" data-id=\"cafa198\" data-element_type=\"column\">\n\t\t\t<div class=\"elementor-widget-wrap\">\n\t\t\t\t\t\t\t<\/div>\n\t\t<\/div>\n\t\t\t\t\t<\/div>\n\t\t<\/section>\n\t\t\t\t<\/div>\n\t\t","protected":false},"excerpt":{"rendered":"<p>Se trata del dise\u00f1o vial seguro en entornos escolares en colaboraci\u00f3n con polic\u00eda de tr\u00e1nsito para aplicaci\u00f3n de la ley, promoviendo el liderazgo en seguridad vial por parte de autoridades y sociedad civil.<\/p>\n","protected":false},"author":1,"featured_media":3934,"comment_status":"open","ping_status":"closed","sticky":false,"template":"","format":"link","meta":{"give_campaign_id":0,"footnotes":""},"categories":[35],"tags":[],"class_list":["post-3932","post","type-post","status-publish","format-link","has-post-thumbnail","hentry","category-seguridad-vial","post_format-post-format-link"],"_links":{"self":[{"href":"https:\/\/www.refleacciona.org\/mx\/wp-json\/wp\/v2\/posts\/3932","targetHints":{"allow":["GET"]}}],"collection":[{"href":"https:\/\/www.refleacciona.org\/mx\/wp-json\/wp\/v2\/posts"}],"about":[{"href":"https:\/\/www.refleacciona.org\/mx\/wp-json\/wp\/v2\/types\/post"}],"author":[{"embeddable":true,"href":"https:\/\/www.refleacciona.org\/mx\/wp-json\/wp\/v2\/users\/1"}],"replies":[{"embeddable":true,"href":"https:\/\/www.refleacciona.org\/mx\/wp-json\/wp\/v2\/comments?post=3932"}],"version-history":[{"count":10,"href":"https:\/\/www.refleacciona.org\/mx\/wp-json\/wp\/v2\/posts\/3932\/revisions"}],"predecessor-version":[{"id":4095,"href":"https:\/\/www.refleacciona.org\/mx\/wp-json\/wp\/v2\/posts\/3932\/revisions\/4095"}],"wp:featuredmedia":[{"embeddable":true,"href":"https:\/\/www.refleacciona.org\/mx\/wp-json\/wp\/v2\/media\/3934"}],"wp:attachment":[{"href":"https:\/\/www.refleacciona.org\/mx\/wp-json\/wp\/v2\/media?parent=3932"}],"wp:term":[{"taxonomy":"category","embeddable":true,"href":"https:\/\/www.refleacciona.org\/mx\/wp-json\/wp\/v2\/categories?post=3932"},{"taxonomy":"post_tag","embeddable":true,"href":"https:\/\/www.refleacciona.org\/mx\/wp-json\/wp\/v2\/tags?post=3932"}],"curies":[{"name":"wp","href":"https:\/\/api.w.org\/{rel}","templated":true}]}}