{"id":3917,"date":"2021-05-23T21:48:14","date_gmt":"2021-05-24T02:48:14","guid":{"rendered":"https:\/\/www.refleacciona.org\/mx\/?p=3917"},"modified":"2021-07-21T12:59:04","modified_gmt":"2021-07-21T17:59:04","slug":"safe-vehicles-save-lives","status":"publish","type":"post","link":"https:\/\/www.refleacciona.org\/mx\/2021\/05\/23\/safe-vehicles-save-lives\/","title":{"rendered":"Safe vehicles. Save lives."},"content":{"rendered":"\t\t<div data-elementor-type=\"wp-post\" data-elementor-id=\"3917\" class=\"elementor elementor-3917\">\n\t\t\t\t\t\t<section class=\"has_eae_slider elementor-section elementor-top-section elementor-element elementor-element-443afdf3 elementor-section-stretched elementor-section-content-middle elementor-section-boxed elementor-section-height-default elementor-section-height-default\" data-id=\"443afdf3\" data-element_type=\"section\" data-settings=\"{&quot;stretch_section&quot;:&quot;section-stretched&quot;,&quot;background_background&quot;:&quot;classic&quot;}\">\n\t\t\t\t\t\t\t<div class=\"elementor-background-overlay\"><\/div>\n\t\t\t\t\t\t\t<div class=\"elementor-container elementor-column-gap-default\">\n\t\t\t\t\t<div class=\"has_eae_slider elementor-column elementor-col-100 elementor-top-column elementor-element elementor-element-68846603\" data-id=\"68846603\" data-element_type=\"column\">\n\t\t\t<div class=\"elementor-widget-wrap elementor-element-populated\">\n\t\t\t\t\t\t<div class=\"elementor-element elementor-element-1e06688c elementor-widget elementor-widget-heading\" data-id=\"1e06688c\" data-element_type=\"widget\" data-widget_type=\"heading.default\">\n\t\t\t\t<div class=\"elementor-widget-container\">\n\t\t\t<h1 class=\"elementor-heading-title elementor-size-default\">Safe vehicles. Save lives.<\/h1>\t\t<\/div>\n\t\t\t\t<\/div>\n\t\t\t\t\t<\/div>\n\t\t<\/div>\n\t\t\t\t\t<\/div>\n\t\t<\/section>\n\t\t\t\t<section class=\"has_eae_slider elementor-section elementor-top-section elementor-element elementor-element-26639632 elementor-section-full_width elementor-section-height-default elementor-section-height-default\" data-id=\"26639632\" data-element_type=\"section\">\n\t\t\t\t\t\t<div class=\"elementor-container elementor-column-gap-default\">\n\t\t\t\t\t<div class=\"has_eae_slider elementor-column elementor-col-50 elementor-top-column elementor-element elementor-element-2e15e23e\" data-id=\"2e15e23e\" data-element_type=\"column\">\n\t\t\t<div class=\"elementor-widget-wrap elementor-element-populated\">\n\t\t\t\t\t\t<section class=\"has_eae_slider elementor-section elementor-inner-section elementor-element elementor-element-1f3878e4 elementor-section-full_width elementor-section-height-default elementor-section-height-default\" data-id=\"1f3878e4\" data-element_type=\"section\">\n\t\t\t\t\t\t<div class=\"elementor-container elementor-column-gap-default\">\n\t\t\t\t\t<div class=\"has_eae_slider elementor-column elementor-col-100 elementor-inner-column elementor-element elementor-element-fbd5c64\" data-id=\"fbd5c64\" data-element_type=\"column\">\n\t\t\t<div class=\"elementor-widget-wrap elementor-element-populated\">\n\t\t\t\t\t\t<div class=\"elementor-element elementor-element-52801b2 elementor-drop-cap-yes elementor-drop-cap-view-default elementor-widget elementor-widget-text-editor\" data-id=\"52801b2\" data-element_type=\"widget\" data-settings=\"{&quot;drop_cap&quot;:&quot;yes&quot;}\" data-widget_type=\"text-editor.default\">\n\t\t\t\t<div class=\"elementor-widget-container\">\n\t\t\t\t\t\t\t<p>Nuestro objetivo fue recopilar informaci\u00f3n, adquirir conocimientos y obtener los recursos necesarios en materia de seguridad vehicular para sentar las bases de las estrategias y actividades a realizar en 2019, siguiendo las recomendaciones de Naciones Unidas una vez que el nuevo gobierno haya entrado plenamente en funciones.<\/p>\t\t\t\t\t\t<\/div>\n\t\t\t\t<\/div>\n\t\t\t\t<div class=\"elementor-element elementor-element-2dcda10 elementor-widget elementor-widget-text-editor\" data-id=\"2dcda10\" data-element_type=\"widget\" data-widget_type=\"text-editor.default\">\n\t\t\t\t<div class=\"elementor-widget-container\">\n\t\t\t\t\t\t\t<p>Tenemos como objetivo el de mejorar los sistemas de seguridad para veh\u00edculos nuevos que se comercialicen en M\u00e9xico a trav\u00e9s de una <strong>Norma Oficial Mexicana<\/strong> que contemple las recomendaciones de Naciones Unidas.<\/p><p>\u00a0<\/p><p>Somos actores clave en el desarrollo tambi\u00e9n de la primera <strong>Ley General de Seguridad Vial<\/strong> en M\u00e9xico.<\/p>\t\t\t\t\t\t<\/div>\n\t\t\t\t<\/div>\n\t\t\t\t\t<\/div>\n\t\t<\/div>\n\t\t\t\t\t<\/div>\n\t\t<\/section>\n\t\t\t\t<div class=\"elementor-element elementor-element-d2a5a87 elementor-widget elementor-widget-image\" data-id=\"d2a5a87\" data-element_type=\"widget\" data-widget_type=\"image.default\">\n\t\t\t\t<div class=\"elementor-widget-container\">\n\t\t\t\t\t\t\t\t\t\t\t\t\t<img fetchpriority=\"high\" decoding=\"async\" width=\"600\" height=\"637\" src=\"https:\/\/www.refleacciona.org\/mx\/wp-content\/uploads\/2021\/05\/ia_1200000003.jpg\" class=\"attachment-large size-large wp-image-3926\" alt=\"\" srcset=\"https:\/\/www.refleacciona.org\/mx\/wp-content\/uploads\/2021\/05\/ia_1200000003.jpg 600w, https:\/\/www.refleacciona.org\/mx\/wp-content\/uploads\/2021\/05\/ia_1200000003-283x300.jpg 283w\" sizes=\"(max-width: 600px) 100vw, 600px\" \/>\t\t\t\t\t\t\t\t\t\t\t\t\t<\/div>\n\t\t\t\t<\/div>\n\t\t\t\t<div class=\"elementor-element elementor-element-0759724 elementor-widget elementor-widget-image\" data-id=\"0759724\" data-element_type=\"widget\" data-widget_type=\"image.default\">\n\t\t\t\t<div class=\"elementor-widget-container\">\n\t\t\t\t\t\t\t\t\t\t\t\t\t<img decoding=\"async\" width=\"600\" height=\"450\" src=\"https:\/\/www.refleacciona.org\/mx\/wp-content\/uploads\/2021\/05\/rsw-600mcg-true.jpg\" class=\"attachment-large size-large wp-image-3927\" alt=\"\" srcset=\"https:\/\/www.refleacciona.org\/mx\/wp-content\/uploads\/2021\/05\/rsw-600mcg-true.jpg 600w, https:\/\/www.refleacciona.org\/mx\/wp-content\/uploads\/2021\/05\/rsw-600mcg-true-300x225.jpg 300w\" sizes=\"(max-width: 600px) 100vw, 600px\" \/>\t\t\t\t\t\t\t\t\t\t\t\t\t<\/div>\n\t\t\t\t<\/div>\n\t\t\t\t<div class=\"elementor-element elementor-element-065f8b4 elementor-widget elementor-widget-image\" data-id=\"065f8b4\" data-element_type=\"widget\" data-widget_type=\"image.default\">\n\t\t\t\t<div class=\"elementor-widget-container\">\n\t\t\t\t\t\t\t\t\t\t\t\t\t<img decoding=\"async\" width=\"600\" height=\"600\" src=\"https:\/\/www.refleacciona.org\/mx\/wp-content\/uploads\/2021\/05\/sdsd.jpg\" class=\"attachment-large size-large wp-image-3928\" alt=\"\" srcset=\"https:\/\/www.refleacciona.org\/mx\/wp-content\/uploads\/2021\/05\/sdsd.jpg 600w, https:\/\/www.refleacciona.org\/mx\/wp-content\/uploads\/2021\/05\/sdsd-300x300.jpg 300w, https:\/\/www.refleacciona.org\/mx\/wp-content\/uploads\/2021\/05\/sdsd-150x150.jpg 150w, https:\/\/www.refleacciona.org\/mx\/wp-content\/uploads\/2021\/05\/sdsd-200x200.jpg 200w, https:\/\/www.refleacciona.org\/mx\/wp-content\/uploads\/2021\/05\/sdsd-100x100.jpg 100w\" sizes=\"(max-width: 600px) 100vw, 600px\" \/>\t\t\t\t\t\t\t\t\t\t\t\t\t<\/div>\n\t\t\t\t<\/div>\n\t\t\t\t\t<\/div>\n\t\t<\/div>\n\t\t\t\t<div class=\"has_eae_slider elementor-column elementor-col-50 elementor-top-column elementor-element elementor-element-6000e06f\" data-id=\"6000e06f\" data-element_type=\"column\">\n\t\t\t<div class=\"elementor-widget-wrap elementor-element-populated\">\n\t\t\t\t\t\t<div class=\"elementor-element elementor-element-300efe51 elementor-widget elementor-widget-spacer\" data-id=\"300efe51\" data-element_type=\"widget\" data-widget_type=\"spacer.default\">\n\t\t\t\t<div class=\"elementor-widget-container\">\n\t\t\t\t\t<div class=\"elementor-spacer\">\n\t\t\t<div class=\"elementor-spacer-inner\"><\/div>\n\t\t<\/div>\n\t\t\t\t<\/div>\n\t\t\t\t<\/div>\n\t\t\t\t<div class=\"elementor-element elementor-element-7968bc3a elementor-widget elementor-widget-wp-widget-search\" data-id=\"7968bc3a\" data-element_type=\"widget\" data-widget_type=\"wp-widget-search.default\">\n\t\t\t\t<div class=\"elementor-widget-container\">\n\t\t\t<h5>B\u00fasqueda<\/h5><form role=\"search\" method=\"get\" id=\"searchform\" class=\"searchform\" action=\"https:\/\/www.refleacciona.org\/mx\/\">\n\t\t\t\t<div>\n\t\t\t\t\t<label class=\"screen-reader-text\" for=\"s\">Buscar:<\/label>\n\t\t\t\t\t<input type=\"text\" value=\"\" name=\"s\" id=\"s\" \/>\n\t\t\t\t\t<input type=\"submit\" id=\"searchsubmit\" value=\"Buscar\" \/>\n\t\t\t\t<\/div>\n\t\t\t<\/form>\t\t<\/div>\n\t\t\t\t<\/div>\n\t\t\t\t<div class=\"elementor-element elementor-element-1b64ceb elementor-widget-divider--view-line elementor-widget elementor-widget-divider\" data-id=\"1b64ceb\" data-element_type=\"widget\" data-widget_type=\"divider.default\">\n\t\t\t\t<div class=\"elementor-widget-container\">\n\t\t\t\t\t<div class=\"elementor-divider\">\n\t\t\t<span class=\"elementor-divider-separator\">\n\t\t\t\t\t\t<\/span>\n\t\t<\/div>\n\t\t\t\t<\/div>\n\t\t\t\t<\/div>\n\t\t\t\t<div class=\"elementor-element elementor-element-3a3d26ae elementor-widget elementor-widget-heading\" data-id=\"3a3d26ae\" data-element_type=\"widget\" data-widget_type=\"heading.default\">\n\t\t\t\t<div class=\"elementor-widget-container\">\n\t\t\t<h3 class=\"elementor-heading-title elementor-size-default\">Otros proyectos<\/h3>\t\t<\/div>\n\t\t\t\t<\/div>\n\t\t\t\t<div class=\"elementor-element elementor-element-191916b elementor-grid-eael-col-1 elementor-grid-tablet-eael-col-2 elementor-grid-mobile-eael-col-1 elementor-widget elementor-widget-eael-post-grid\" data-id=\"191916b\" data-element_type=\"widget\" data-settings=\"{&quot;eael_post_grid_columns&quot;:&quot;eael-col-1&quot;,&quot;eael_post_grid_columns_tablet&quot;:&quot;eael-col-2&quot;,&quot;eael_post_grid_columns_mobile&quot;:&quot;eael-col-1&quot;}\" data-widget_type=\"eael-post-grid.default\">\n\t\t\t\t<div class=\"elementor-widget-container\">\n\t\t\t<div id=\"eael-post-grid-191916b\" class=\"eael-post-grid-container\">\n            <div class=\"eael-post-grid eael-post-appender eael-post-appender-191916b eael-post-grid-style-one\" data-layout-mode=\"grid\"><article class=\"eael-grid-post eael-post-grid-column\" data-id=\"4029\">\n        <div class=\"eael-grid-post-holder\">\n            <div class=\"eael-grid-post-holder-inner\"><div class=\"eael-entry-media\"><div class=\"eael-entry-overlay fade-in\"><i class=\"fas fa-long-arrow-alt-right\" aria-hidden=\"true\"><\/i><a href=\"https:\/\/www.refleacciona.org\/mx\/2021\/05\/25\/calles-mas-seguras\/\"><\/a><\/div><div class=\"eael-entry-thumbnail \">\n                <img loading=\"lazy\" decoding=\"async\" width=\"300\" height=\"200\" src=\"https:\/\/www.refleacciona.org\/mx\/wp-content\/uploads\/2021\/05\/row-of-traffic-cone-X55LKDT-300x200.jpg\" class=\"attachment-medium size-medium wp-image-4031\" alt=\"\" srcset=\"https:\/\/www.refleacciona.org\/mx\/wp-content\/uploads\/2021\/05\/row-of-traffic-cone-X55LKDT-300x200.jpg 300w, https:\/\/www.refleacciona.org\/mx\/wp-content\/uploads\/2021\/05\/row-of-traffic-cone-X55LKDT-1024x683.jpg 1024w, https:\/\/www.refleacciona.org\/mx\/wp-content\/uploads\/2021\/05\/row-of-traffic-cone-X55LKDT-768x512.jpg 768w, https:\/\/www.refleacciona.org\/mx\/wp-content\/uploads\/2021\/05\/row-of-traffic-cone-X55LKDT-1536x1024.jpg 1536w, https:\/\/www.refleacciona.org\/mx\/wp-content\/uploads\/2021\/05\/row-of-traffic-cone-X55LKDT-2048x1365.jpg 2048w, https:\/\/www.refleacciona.org\/mx\/wp-content\/uploads\/2021\/05\/row-of-traffic-cone-X55LKDT-600x400.jpg 600w\" sizes=\"(max-width: 300px) 100vw, 300px\" \/>\n            <\/div>\n        <\/div><div class=\"eael-entry-wrapper\"><header class=\"eael-entry-header\"><h2 class=\"eael-entry-title\"><a\n                        class=\"eael-grid-post-link\"\n                        href=\"https:\/\/www.refleacciona.org\/mx\/2021\/05\/25\/calles-mas-seguras\/\"\n                        title=\"Calles m\u00e1s seguras\">Calles m\u00e1s seguras<\/a><\/h2><\/header><div class=\"eael-entry-content\">\n                        <div class=\"eael-grid-post-excerpt\"><p>Queremos mejorar la seguridad vial para los j\u00f3venes de 10...<\/p><a href=\"https:\/\/www.refleacciona.org\/mx\/2021\/05\/25\/calles-mas-seguras\/\" class=\"eael-post-elements-readmore-btn\">Leer m\u00e1s<\/a><\/div>\n                    <\/div><div class=\"eael-entry-footer\"><div class=\"eael-entry-meta\"><\/div><\/div><\/div><\/div>\n        <\/div>\n    <\/article><article class=\"eael-grid-post eael-post-grid-column\" data-id=\"3457\">\n        <div class=\"eael-grid-post-holder\">\n            <div class=\"eael-grid-post-holder-inner\"><div class=\"eael-entry-media\"><div class=\"eael-entry-overlay fade-in\"><i class=\"fas fa-long-arrow-alt-right\" aria-hidden=\"true\"><\/i><a href=\"https:\/\/www.refleacciona.org\/mx\/2021\/05\/19\/parque-lincoln\/\"><\/a><\/div><div class=\"eael-entry-thumbnail \">\n                <img loading=\"lazy\" decoding=\"async\" width=\"298\" height=\"300\" src=\"https:\/\/www.refleacciona.org\/mx\/wp-content\/uploads\/2021\/05\/ia_1300000028-298x300.jpg\" class=\"attachment-medium size-medium wp-image-3462\" alt=\"\" srcset=\"https:\/\/www.refleacciona.org\/mx\/wp-content\/uploads\/2021\/05\/ia_1300000028-298x300.jpg 298w, https:\/\/www.refleacciona.org\/mx\/wp-content\/uploads\/2021\/05\/ia_1300000028-150x150.jpg 150w, https:\/\/www.refleacciona.org\/mx\/wp-content\/uploads\/2021\/05\/ia_1300000028-768x774.jpg 768w, https:\/\/www.refleacciona.org\/mx\/wp-content\/uploads\/2021\/05\/ia_1300000028-200x200.jpg 200w, https:\/\/www.refleacciona.org\/mx\/wp-content\/uploads\/2021\/05\/ia_1300000028-600x605.jpg 600w, https:\/\/www.refleacciona.org\/mx\/wp-content\/uploads\/2021\/05\/ia_1300000028-100x100.jpg 100w, https:\/\/www.refleacciona.org\/mx\/wp-content\/uploads\/2021\/05\/ia_1300000028.jpg 794w\" sizes=\"(max-width: 298px) 100vw, 298px\" \/>\n            <\/div>\n        <\/div><div class=\"eael-entry-wrapper\"><header class=\"eael-entry-header\"><h2 class=\"eael-entry-title\"><a\n                        class=\"eael-grid-post-link\"\n                        href=\"https:\/\/www.refleacciona.org\/mx\/2021\/05\/19\/parque-lincoln\/\"\n                        title=\"Parque Lincoln\">Parque Lincoln<\/a><\/h2><\/header><div class=\"eael-entry-content\">\n                        <div class=\"eael-grid-post-excerpt\"><p>Rescatamos 12 puestos en uno de los parques m\u00e1s emblem\u00e1ticos...<\/p><a href=\"https:\/\/www.refleacciona.org\/mx\/2021\/05\/19\/parque-lincoln\/\" class=\"eael-post-elements-readmore-btn\">Leer m\u00e1s<\/a><\/div>\n                    <\/div><div class=\"eael-entry-footer\"><div class=\"eael-entry-meta\"><\/div><\/div><\/div><\/div>\n        <\/div>\n    <\/article><article class=\"eael-grid-post eael-post-grid-column\" data-id=\"3479\">\n        <div class=\"eael-grid-post-holder\">\n            <div class=\"eael-grid-post-holder-inner\"><div class=\"eael-entry-media\"><div class=\"eael-entry-overlay fade-in\"><i class=\"fas fa-long-arrow-alt-right\" aria-hidden=\"true\"><\/i><a href=\"https:\/\/www.refleacciona.org\/mx\/2021\/05\/19\/callejon-condesa\/\"><\/a><\/div><div class=\"eael-entry-thumbnail \">\n                <img loading=\"lazy\" decoding=\"async\" width=\"300\" height=\"225\" src=\"https:\/\/www.refleacciona.org\/mx\/wp-content\/uploads\/2021\/05\/WhatsApp-Image-2020-06-02-at-11.53.41-0001-300x225.jpg\" class=\"attachment-medium size-medium wp-image-3482\" alt=\"\" srcset=\"https:\/\/www.refleacciona.org\/mx\/wp-content\/uploads\/2021\/05\/WhatsApp-Image-2020-06-02-at-11.53.41-0001-300x225.jpg 300w, https:\/\/www.refleacciona.org\/mx\/wp-content\/uploads\/2021\/05\/WhatsApp-Image-2020-06-02-at-11.53.41-0001-1024x768.jpg 1024w, https:\/\/www.refleacciona.org\/mx\/wp-content\/uploads\/2021\/05\/WhatsApp-Image-2020-06-02-at-11.53.41-0001-768x576.jpg 768w, https:\/\/www.refleacciona.org\/mx\/wp-content\/uploads\/2021\/05\/WhatsApp-Image-2020-06-02-at-11.53.41-0001-600x450.jpg 600w, https:\/\/www.refleacciona.org\/mx\/wp-content\/uploads\/2021\/05\/WhatsApp-Image-2020-06-02-at-11.53.41-0001.jpg 1280w\" sizes=\"(max-width: 300px) 100vw, 300px\" \/>\n            <\/div>\n        <\/div><div class=\"eael-entry-wrapper\"><header class=\"eael-entry-header\"><h2 class=\"eael-entry-title\"><a\n                        class=\"eael-grid-post-link\"\n                        href=\"https:\/\/www.refleacciona.org\/mx\/2021\/05\/19\/callejon-condesa\/\"\n                        title=\"Callej\u00f3n Condesa\">Callej\u00f3n Condesa<\/a><\/h2><\/header><div class=\"eael-entry-content\">\n                        <div class=\"eael-grid-post-excerpt\"><p>Callej\u00f3n Condesa En el Callej\u00f3n Condesa del Centro Hist\u00f3rico de...<\/p><a href=\"https:\/\/www.refleacciona.org\/mx\/2021\/05\/19\/callejon-condesa\/\" class=\"eael-post-elements-readmore-btn\">Leer m\u00e1s<\/a><\/div>\n                    <\/div><div class=\"eael-entry-footer\"><div class=\"eael-entry-meta\"><\/div><\/div><\/div><\/div>\n        <\/div>\n    <\/article><article class=\"eael-grid-post eael-post-grid-column\" data-id=\"3544\">\n        <div class=\"eael-grid-post-holder\">\n            <div class=\"eael-grid-post-holder-inner\"><div class=\"eael-entry-media\"><div class=\"eael-entry-overlay fade-in\"><i class=\"fas fa-long-arrow-alt-right\" aria-hidden=\"true\"><\/i><a href=\"https:\/\/www.refleacciona.org\/mx\/2021\/05\/19\/paseo-de-las-facultades\/\"><\/a><\/div><div class=\"eael-entry-thumbnail \">\n                <img loading=\"lazy\" decoding=\"async\" width=\"300\" height=\"182\" src=\"https:\/\/www.refleacciona.org\/mx\/wp-content\/uploads\/2021\/05\/ia_1300000014-300x182.jpg\" class=\"attachment-medium size-medium wp-image-3548\" alt=\"\" srcset=\"https:\/\/www.refleacciona.org\/mx\/wp-content\/uploads\/2021\/05\/ia_1300000014-300x182.jpg 300w, https:\/\/www.refleacciona.org\/mx\/wp-content\/uploads\/2021\/05\/ia_1300000014-600x363.jpg 600w, https:\/\/www.refleacciona.org\/mx\/wp-content\/uploads\/2021\/05\/ia_1300000014.jpg 768w\" sizes=\"(max-width: 300px) 100vw, 300px\" \/>\n            <\/div>\n        <\/div><div class=\"eael-entry-wrapper\"><header class=\"eael-entry-header\"><h2 class=\"eael-entry-title\"><a\n                        class=\"eael-grid-post-link\"\n                        href=\"https:\/\/www.refleacciona.org\/mx\/2021\/05\/19\/paseo-de-las-facultades\/\"\n                        title=\"Paseo de las Facultades\">Paseo de las Facultades<\/a><\/h2><\/header><div class=\"eael-entry-content\">\n                        <div class=\"eael-grid-post-excerpt\"><p>Conoce nuestra emblem\u00e1tica tranformaci\u00f3n del &quot;Paseo de la salmonella&quot; en...<\/p><a href=\"https:\/\/www.refleacciona.org\/mx\/2021\/05\/19\/paseo-de-las-facultades\/\" class=\"eael-post-elements-readmore-btn\">Leer m\u00e1s<\/a><\/div>\n                    <\/div><div class=\"eael-entry-footer\"><div class=\"eael-entry-meta\"><\/div><\/div><\/div><\/div>\n        <\/div>\n    <\/article><\/div>\n            <div class=\"clearfix\"><\/div>\n        <\/div>            <div class=\"eael-load-more-button-wrap\">\n                <button class=\"eael-load-more-button\" id=\"eael-load-more-btn-191916b\" data-widget-id=\"191916b\" data-widget=\"191916b\" data-page-id=\"3917\" data-template=\"{&quot;dir&quot;:&quot;lite&quot;,&quot;file_name&quot;:&quot;default.php&quot;,&quot;name&quot;:&quot;Post-Grid&quot;}\" data-class=\"Essential_Addons_Elementor\\Elements\\Post_Grid\" data-layout=\"grid\" data-page=\"1\" data-args=\"orderby=modified&amp;order=desc&amp;ignore_sticky_posts=1&amp;post_status=publish&amp;posts_per_page=4&amp;offset=0&amp;post_type=post\" data-max-page=\"2\">\n                    <span class=\"eael-btn-loader button__loader\"><\/span>\n                    <span class=\"eael_load_more_text\">Cargar m\u00e1s<\/span>\n                <\/button>\n            <\/div>\n            \t\t<\/div>\n\t\t\t\t<\/div>\n\t\t\t\t\t<\/div>\n\t\t<\/div>\n\t\t\t\t\t<\/div>\n\t\t<\/section>\n\t\t\t\t<\/div>\n\t\t","protected":false},"excerpt":{"rendered":"<p>Nuestro objetivo fue recopilar informaci\u00f3n, adquirir conocimientos y obtener los recursos necesarios en materia de seguridad vehicular para sentar las bases de las estrategias y actividades a realizar en 2019<\/p>\n","protected":false},"author":1,"featured_media":3927,"comment_status":"open","ping_status":"closed","sticky":false,"template":"","format":"link","meta":{"give_campaign_id":0,"footnotes":""},"categories":[35],"tags":[],"class_list":["post-3917","post","type-post","status-publish","format-link","has-post-thumbnail","hentry","category-seguridad-vial","post_format-post-format-link"],"_links":{"self":[{"href":"https:\/\/www.refleacciona.org\/mx\/wp-json\/wp\/v2\/posts\/3917","targetHints":{"allow":["GET"]}}],"collection":[{"href":"https:\/\/www.refleacciona.org\/mx\/wp-json\/wp\/v2\/posts"}],"about":[{"href":"https:\/\/www.refleacciona.org\/mx\/wp-json\/wp\/v2\/types\/post"}],"author":[{"embeddable":true,"href":"https:\/\/www.refleacciona.org\/mx\/wp-json\/wp\/v2\/users\/1"}],"replies":[{"embeddable":true,"href":"https:\/\/www.refleacciona.org\/mx\/wp-json\/wp\/v2\/comments?post=3917"}],"version-history":[{"count":10,"href":"https:\/\/www.refleacciona.org\/mx\/wp-json\/wp\/v2\/posts\/3917\/revisions"}],"predecessor-version":[{"id":4341,"href":"https:\/\/www.refleacciona.org\/mx\/wp-json\/wp\/v2\/posts\/3917\/revisions\/4341"}],"wp:featuredmedia":[{"embeddable":true,"href":"https:\/\/www.refleacciona.org\/mx\/wp-json\/wp\/v2\/media\/3927"}],"wp:attachment":[{"href":"https:\/\/www.refleacciona.org\/mx\/wp-json\/wp\/v2\/media?parent=3917"}],"wp:term":[{"taxonomy":"category","embeddable":true,"href":"https:\/\/www.refleacciona.org\/mx\/wp-json\/wp\/v2\/categories?post=3917"},{"taxonomy":"post_tag","embeddable":true,"href":"https:\/\/www.refleacciona.org\/mx\/wp-json\/wp\/v2\/tags?post=3917"}],"curies":[{"name":"wp","href":"https:\/\/api.w.org\/{rel}","templated":true}]}}